{"id":2225,"date":"2007-09-17T05:30:25","date_gmt":"2007-09-17T03:30:25","guid":{"rendered":"http:\/\/www.pasteris.it\/blog\/2007\/09\/17\/blogosfera-casta\/"},"modified":"2007-09-17T06:11:45","modified_gmt":"2007-09-17T04:11:45","slug":"blogosfera-casta","status":"publish","type":"post","link":"https:\/\/www.pasteris.it\/blog\/2007\/09\/17\/blogosfera-casta\/","title":{"rendered":"Blogosfera = casta ?"},"content":{"rendered":"<p><a href=\"http:\/\/www.pasteris.it\/blog\/2007\/09\/12\/nicoletti-sula-blogosfera-del-12032005\/\">Evidentemente poco \u00e8 cambiato<\/a> &#8230; se <a href=\"http:\/\/webeconoscenza.blogspot.com\/2007\/09\/come-condividere-la-conoscenza-se-la.html\">Gigi Cogo scrive<\/a> &#8230;<\/p>\n<blockquote><p>Forse no! E qui sta il vizio della &#8220;casta&#8221;. Tutto italiano. Nel nostro DNA e, purtroppo, inconsapevolmente nel DNA dei giovani pi\u00f9 promettenti.<br \/>\nLa ricerca del consenso, dell&#8217; ammirazione e la <span style=\"font-weight: bold\">presunzione<\/span><span style=\"font-weight: bold\"> di influenza<\/span> sono, a mio modo di vedere, patetiche. Ma, o sei dentro o sei fuori! La blogosfera \u00e8 spietata.<br \/>\n<!--more--><br \/>\nI primi arrivati tendono a determinare delle regole. Non scritte ma accettate. Pi\u00f9 o meno come i cani, fanno la pisciatina per determinare il confine del loro territorio. Cattivo gusto vero? Ma \u00e8 cos\u00ec! O sei con noi o sei fuori. Non ti linko!<br \/>\nTerrore! Non c&#8217;\u00e8 terrore peggiore che di quello di non essere linkati. E allora vai con le leccatine alle blogstar.<br \/>\nVediamo la pratica comune. Mi collego sulla <a href=\"http:\/\/it.blogbabel.com\/metrics\/\">classifica di Blogbabel<\/a>, scorro i primi 100 blogger italiani pensando che siano i pi\u00f9 influenti (anzi condividendo questa logica), e copio di sana pianta il loro blogroll (sistema di suggerimento di altri blog da leggere insito nelle piattaforme per i blog) nel mio. Fatto. Sono del giro!<br \/>\n&#8230;<\/p>\n<p>E non basta. La casta ti accoglie e ti sopporta se hai un Mac, se parli male di Windows, se sei <a href=\"http:\/\/it.wikipedia.org\/wiki\/Geek\">geek <\/a>quanto basta, se usi WordPress e sei social!<br \/>\nSocial? Ma dove?<br \/>\nUna delle forme pi\u00f9 social \u00e8 sicuramente il <a href=\"http:\/\/it.wikipedia.org\/wiki\/Barcamp\">Barcamp<\/a> che, non nascondo, mi affascina molto come idea e come pratica. Ma anche qui, vivaDio, mi \u00e8 capitato di trovare di quei fenomeni. &#8220;<span style=\"font-style: italic\">Ciao sono Gigi Cogo, tu chi sei?<\/span>&#8221; Risp: &#8220;<span style=\"font-style: italic\">Come, non sai chi sono?<\/span> <span style=\"font-style: italic\">Sono quel tizio che&#8230;.sai quel blog, sai ho anche 300 lettori del mio feed<\/span>&#8220;. E &#8220;<span style=\"font-style: italic\">cazzarola<\/span>&#8221; dentro me di me ho pensato: &#8220;<span style=\"font-weight: bold\">No testa di legno non sono uno dei tuoi 300 lettori di feed! Posso?&#8221;<\/span><br \/>\nPer fortuna questi &#8220;testa di legno&#8221; non sono molti, ma si definiscono &#8220;influenti&#8221;!<br \/>\nIl problema \u00e8 che sono convinti di essere nel giusto. Un giorno uno manifestava con orgoglio di aver superato i 1000 lettori di feed. Era diventato una Blogstar! Tristezza assoluta. Se penso che Radio Roccacannuccia di sotto (definita old_media dai pi\u00f9) riuscir\u00e0 a farsi ascoltare da un milione di ascoltatori al giorno!<br \/>\n<span style=\"font-weight: bold\">&#8220;E no caro testa di legno non sono uno dei 1000 lettori del tuo feed ma mi dai una mano a far capire a quei 60 milioni di italiani la fuori che cos&#8217;\u00e8 un feed?&#8221;<\/span><br \/>\nNon se ne parla nemmeno. Quegli ignoranti che non sanno cosa \u00e8 un feed non sono da includere, sono da escludere. Io sono &#8220;la casta&#8221; caro mio!<\/p><\/blockquote>\n","protected":false},"excerpt":{"rendered":"<p>Evidentemente poco \u00e8 cambiato &#8230; se Gigi Cogo scrive &#8230; Forse no! E qui sta il vizio della &#8220;casta&#8221;. Tutto italiano. Nel nostro DNA e, purtroppo, inconsapevolmente nel DNA dei giovani pi\u00f9 promettenti. La ricerca del consenso, dell&#8217; ammirazione e la presunzione di influenza sono, a mio modo di vedere, patetiche. Ma, o sei dentro &#8230; <a title=\"Blogosfera = casta ?\" class=\"read-more\" href=\"https:\/\/www.pasteris.it\/blog\/2007\/09\/17\/blogosfera-casta\/\" aria-label=\"Per saperne di pi\u00f9 su Blogosfera = casta ?\">Leggi tutto<\/a><\/p>\n","protected":false},"author":4,"featured_media":0,"comment_status":"open","ping_status":"open","sticky":false,"template":"","format":"standard","meta":{"footnotes":""},"categories":[],"tags":[63,2157,77,80,81,518,61,551,2168,493,286,382,363,371,374],"class_list":["post-2225","post","type-post","status-publish","format-standard","hentry","tag-barcamp","tag-blog","tag-blogger","tag-blogosfera","tag-blogstar","tag-casta","tag-italia","tag-legge","tag-media","tag-nicoletti","tag-ricerca","tag-tav","tag-web","tag-windows","tag-wordpress"],"_links":{"self":[{"href":"https:\/\/www.pasteris.it\/blog\/wp-json\/wp\/v2\/posts\/2225","targetHints":{"allow":["GET"]}}],"collection":[{"href":"https:\/\/www.pasteris.it\/blog\/wp-json\/wp\/v2\/posts"}],"about":[{"href":"https:\/\/www.pasteris.it\/blog\/wp-json\/wp\/v2\/types\/post"}],"author":[{"embeddable":true,"href":"https:\/\/www.pasteris.it\/blog\/wp-json\/wp\/v2\/users\/4"}],"replies":[{"embeddable":true,"href":"https:\/\/www.pasteris.it\/blog\/wp-json\/wp\/v2\/comments?post=2225"}],"version-history":[{"count":0,"href":"https:\/\/www.pasteris.it\/blog\/wp-json\/wp\/v2\/posts\/2225\/revisions"}],"wp:attachment":[{"href":"https:\/\/www.pasteris.it\/blog\/wp-json\/wp\/v2\/media?parent=2225"}],"wp:term":[{"taxonomy":"category","embeddable":true,"href":"https:\/\/www.pasteris.it\/blog\/wp-json\/wp\/v2\/categories?post=2225"},{"taxonomy":"post_tag","embeddable":true,"href":"https:\/\/www.pasteris.it\/blog\/wp-json\/wp\/v2\/tags?post=2225"}],"curies":[{"name":"wp","href":"https:\/\/api.w.org\/{rel}","templated":true}]}}