{"id":22327,"date":"2010-11-15T07:10:50","date_gmt":"2010-11-15T05:10:50","guid":{"rendered":"http:\/\/www.pasteris.it\/blog\/?p=22327"},"modified":"2010-11-15T05:15:54","modified_gmt":"2010-11-15T03:15:54","slug":"le-tante-paola-e-la-necessita-civile-che-vengano-a-galla","status":"publish","type":"post","link":"https:\/\/www.pasteris.it\/blog\/2010\/11\/15\/le-tante-paola-e-la-necessita-civile-che-vengano-a-galla\/","title":{"rendered":"Le tante Paola e la necessit\u00e0 civile che vengano a galla"},"content":{"rendered":"<p><a href=\"http:\/\/sns.im\/2010\/11\/14\/paola-caruso\/\">Via SedNonSatiata<\/a><\/p>\n<blockquote><p><a href=\"http:\/\/sednonsatiata.files.wordpress.com\/2010\/11\/iosonopaola.png\"><img loading=\"lazy\" decoding=\"async\" class=\"alignright\" title=\"iosonopaola\" src=\"http:\/\/sednonsatiata.files.wordpress.com\/2010\/11\/iosonopaola.png?w=300&amp;h=300\" alt=\"\" width=\"191\" height=\"191\" \/><\/a>Che io conosca oppure no Paola \u00e8 del tutto irrilevante.<\/p>\n<p>Tutti conosciamo una, due, dieci Paola. La sostanza non cambia. Sono  solo le facce e le professioni a cambiare, perch\u00e9 quello del precariato  non \u00e8 un problema solo dell\u2019editoria.<\/p>\n<p>Negli ultimi due giorni si \u00e8 parlato diffusamente della situazione  che ha portato Paola Caruso, una giornalista del Corriere della Sera, a  ricorrere allo sciopero della fame. Per far sentire la sua voce, per  ribellarsi pubblicamente contro un sistema che \u00e8 intrinsecamente  sbagliato.<\/p>\n<p>Per portare un argomento cos\u00ec importante nella luce dei riflettori,  perch\u00e9 \u2013 a mio avviso \u2013 in Italia sussiste uno strano fenomeno, quello  per cui se nessuno si lamenta di un determinato fatto, allora vuol dire  che tutto \u00e8 in regola e che niente debba essere cambiato. Anche se il  fatto in questione \u00e8 moralmente, civilmente, umanamente sbagliato.<a href=\"http:\/\/friendfeed.com\/siamo-con-paola-caruso\" target=\"_blank\"><\/a><\/p>\n<p>&#8230;<\/p>\n<p><!--more--><\/p>\n<p>Ora, discutere sull\u2019esattezza o meno nella resa dei fatti, mettere in  dubbio la sua credibilit\u00e0, negare che i fatti siano avvenuti cos\u00ec come  lei li ha descritti, significa prendere una grande occasione e buttarla  via. Perch\u00e9 non \u00e8 di Paola Caruso che si parla, ormai. O meglio, non  solo di Paola Caruso. Il suo caso \u00e8 come quello di tanti altri, in  svariati settori.<\/p>\n<p>Bisogna smetterla di piegare la propria volont\u00e0 a queste regole,  semplicemente perch\u00e9 sono sbagliate: dovrebbero tutelare le persone e la  loro dignit\u00e0. Nella realt\u00e0 dei fatti mettono in secondo piano i diritti  dei lavoratori per dare alle aziende la possibilit\u00e0 di \u201crisparmiare\u201d.  Oppure, se vogliamo vederla da un altro punto di vista, le aziende  trovano il modo di utilizzare le leggi a loro favore, in modo tale da  poter \u201crisparmiare\u201d.<\/p>\n<p>L\u2019Italia \u00e8 una Repubblica Democratica fondata sul lavoro, dice la  Costituzione. Volere un contratto a tempo indeterminato non \u00e8 un  capriccio, \u00e8 l\u2019unico perno, l\u2019unica sicurezza su cui cominciare a  costruire la propria vita.<\/p>\n<p>&#8230;<\/p>\n<p>Io sono una laureanda di 21 anni. Se non si fa qualcosa, se non  unisco la mia voce a quelle che si stanno sollevando in queste ore, non  avr\u00f2 il coraggio di guardarmi allo specchio quando anch\u2019io finir\u00f2 l\u00e0  fuori, nel meraviglioso mondo del lavoro.<\/p>\n<p>Perch\u00e9, alla fine, anche io sono Paola.<\/p><\/blockquote>\n","protected":false},"excerpt":{"rendered":"<p>Via SedNonSatiata Che io conosca oppure no Paola \u00e8 del tutto irrilevante. Tutti conosciamo una, due, dieci Paola. La sostanza non cambia. Sono solo le facce e le professioni a cambiare, perch\u00e9 quello del precariato non \u00e8 un problema solo dell\u2019editoria. Negli ultimi due giorni si \u00e8 parlato diffusamente della situazione che ha portato Paola &#8230; <a title=\"Le tante Paola e la necessit\u00e0 civile che vengano a galla\" class=\"read-more\" href=\"https:\/\/www.pasteris.it\/blog\/2010\/11\/15\/le-tante-paola-e-la-necessita-civile-che-vengano-a-galla\/\" aria-label=\"Per saperne di pi\u00f9 su Le tante Paola e la necessit\u00e0 civile che vengano a galla\">Leggi tutto<\/a><\/p>\n","protected":false},"author":3,"featured_media":0,"comment_status":"open","ping_status":"open","sticky":false,"template":"","format":"standard","meta":{"footnotes":""},"categories":[11,32],"tags":[2158,426],"class_list":["post-22327","post","type-post","status-publish","format-standard","hentry","category-diritti","category-pensieri","tag-diritti","tag-lavoro"],"_links":{"self":[{"href":"https:\/\/www.pasteris.it\/blog\/wp-json\/wp\/v2\/posts\/22327","targetHints":{"allow":["GET"]}}],"collection":[{"href":"https:\/\/www.pasteris.it\/blog\/wp-json\/wp\/v2\/posts"}],"about":[{"href":"https:\/\/www.pasteris.it\/blog\/wp-json\/wp\/v2\/types\/post"}],"author":[{"embeddable":true,"href":"https:\/\/www.pasteris.it\/blog\/wp-json\/wp\/v2\/users\/3"}],"replies":[{"embeddable":true,"href":"https:\/\/www.pasteris.it\/blog\/wp-json\/wp\/v2\/comments?post=22327"}],"version-history":[{"count":2,"href":"https:\/\/www.pasteris.it\/blog\/wp-json\/wp\/v2\/posts\/22327\/revisions"}],"predecessor-version":[{"id":22329,"href":"https:\/\/www.pasteris.it\/blog\/wp-json\/wp\/v2\/posts\/22327\/revisions\/22329"}],"wp:attachment":[{"href":"https:\/\/www.pasteris.it\/blog\/wp-json\/wp\/v2\/media?parent=22327"}],"wp:term":[{"taxonomy":"category","embeddable":true,"href":"https:\/\/www.pasteris.it\/blog\/wp-json\/wp\/v2\/categories?post=22327"},{"taxonomy":"post_tag","embeddable":true,"href":"https:\/\/www.pasteris.it\/blog\/wp-json\/wp\/v2\/tags?post=22327"}],"curies":[{"name":"wp","href":"https:\/\/api.w.org\/{rel}","templated":true}]}}