{"id":22513,"date":"2010-11-23T11:29:22","date_gmt":"2010-11-23T10:29:22","guid":{"rendered":"http:\/\/www.pasteris.it\/blog\/?p=22513"},"modified":"2010-11-23T12:07:19","modified_gmt":"2010-11-23T11:07:19","slug":"verso-una-lista-civica-torinese-per-profumo","status":"publish","type":"post","link":"https:\/\/www.pasteris.it\/blog\/2010\/11\/23\/verso-una-lista-civica-torinese-per-profumo\/","title":{"rendered":"Verso una lista civica torinese per Profumo"},"content":{"rendered":"<p><a href=\"http:\/\/torino.repubblica.it\/cronaca\/2010\/11\/23\/news\/e_una_lista_civica_la_contromossa_di_profumo-9402567\/\">Via Repubblica<\/a><\/p>\n<blockquote><p>Una lista civica. Dopo la presa di distanza di Chiamparino dalla sua  candidatura, Francesco Profumo sta valutando la nascita di una  formazione sganciata dai partiti. &#8220;Una lista &#8211; dicono nell&#8217;entuorage del  rettore &#8211; che si caratterizza per il programma e non per il gradimento  di questa o quella corrente&#8221;. Cos\u00ec, per paradosso, la retromarcia del  sindaco rispetto al suo nome invece di spingere Profumo a desistere  avrebbe finito per incoraggiarlo ad andare proprio nella direzione che  un tempo auspicava lo stesso Chiamparino. E forse, altro paradosso, a  rafforzarlo. Perch\u00e9 se \u00e8 vero che oggi i partiti non sono nella  situazione del dopo Tangentopoli quando nacque la candidatura  Castellani, \u00e8 altrettanto vero che il centrosinistra torinese non ha nei  suoi attuali gruppi dirigenti locali una figura in grado di prevalere  nettamente sulle altre, a dimostrazione che per ora il famoso primato  della politica non sembra ancora in grado di produrre giovani leve in  grado di interpretarlo. Il nome infatti \u00e8 quello di Piero Fassino, una  personalit\u00e0 autorevole e molto stimata che ha guidato il Pci torinese  negli anni \u00b480 per poi assumere, dopo l\u00b487, prestigiosi incarichi a  Roma. Cos\u00ec proprio i sostenitori del vecchio schema salziano &#8211; quello  che contrappone i partiti alla societ\u00e0 civile e che sembrava pi\u00f9 adatto  alla Torino del \u00b493 che a quella degli anni duemila &#8211; finiscono anche  loro per portar acqua alla candidatura del rettore. Il quale ha sempre  proposto di \u00abfar precedere il programma ai nomi e alle sigle\u00bb. E si \u00e8  offerto come possibile perno di una rinascita economica della citt\u00e0  fondata sulla ricerca e sull\u00b4innovazione, che \u00e8 poi la scommessa su cui  si sono mosse in questi anni le amministrazioni Bresso e Chiamparino. La  biografia del rettore renderebbe pi\u00f9 facile l\u00b4operazione rispetto a una  guida politica. E questa sarebbe una delle carte principali che si  potrebbe giocare l\u00b4ipotetica \u00ablista Profumo\u00bb.<\/p><\/blockquote>\n<p>UPDATE1: <a href=\"http:\/\/www.lospiffero.com\/index.php?option=com_content&#038;view=article&#038;id=1133:chiamparino-ha-cambiato-profumo-non-ha-le-physique-du-role-per-governare-torino&#038;catid=3:prima-pagina&#038;Itemid=7\">Chiamparino ha cambiato Profumo<\/a><br \/>\nUPDATE2: <a href=\"http:\/\/www.lospiffero.com\/index.php?option=com_content&#038;view=article&#038;id=1137:api-appello-al-pd-il-rettore-e-una-risorsa-di-tutta-la-citta-non-un-candidato-di-partito&#038;catid=3:prima-pagina&#038;Itemid=7\">Il rettore sia una risorsa di tutta la citt\u00e0, non un candidato di partito<\/a><\/p>\n","protected":false},"excerpt":{"rendered":"<p>Via Repubblica Una lista civica. Dopo la presa di distanza di Chiamparino dalla sua candidatura, Francesco Profumo sta valutando la nascita di una formazione sganciata dai partiti. &#8220;Una lista &#8211; dicono nell&#8217;entuorage del rettore &#8211; che si caratterizza per il programma e non per il gradimento di questa o quella corrente&#8221;. Cos\u00ec, per paradosso, la &#8230; <a title=\"Verso una lista civica torinese per Profumo\" class=\"read-more\" href=\"https:\/\/www.pasteris.it\/blog\/2010\/11\/23\/verso-una-lista-civica-torinese-per-profumo\/\" aria-label=\"Per saperne di pi\u00f9 su Verso una lista civica torinese per Profumo\">Leggi tutto<\/a><\/p>\n","protected":false},"author":3,"featured_media":0,"comment_status":"open","ping_status":"open","sticky":false,"template":"","format":"standard","meta":{"footnotes":""},"categories":[32,14],"tags":[2160],"class_list":["post-22513","post","type-post","status-publish","format-standard","hentry","category-pensieri","category-torino","tag-torino"],"_links":{"self":[{"href":"https:\/\/www.pasteris.it\/blog\/wp-json\/wp\/v2\/posts\/22513","targetHints":{"allow":["GET"]}}],"collection":[{"href":"https:\/\/www.pasteris.it\/blog\/wp-json\/wp\/v2\/posts"}],"about":[{"href":"https:\/\/www.pasteris.it\/blog\/wp-json\/wp\/v2\/types\/post"}],"author":[{"embeddable":true,"href":"https:\/\/www.pasteris.it\/blog\/wp-json\/wp\/v2\/users\/3"}],"replies":[{"embeddable":true,"href":"https:\/\/www.pasteris.it\/blog\/wp-json\/wp\/v2\/comments?post=22513"}],"version-history":[{"count":3,"href":"https:\/\/www.pasteris.it\/blog\/wp-json\/wp\/v2\/posts\/22513\/revisions"}],"predecessor-version":[{"id":22520,"href":"https:\/\/www.pasteris.it\/blog\/wp-json\/wp\/v2\/posts\/22513\/revisions\/22520"}],"wp:attachment":[{"href":"https:\/\/www.pasteris.it\/blog\/wp-json\/wp\/v2\/media?parent=22513"}],"wp:term":[{"taxonomy":"category","embeddable":true,"href":"https:\/\/www.pasteris.it\/blog\/wp-json\/wp\/v2\/categories?post=22513"},{"taxonomy":"post_tag","embeddable":true,"href":"https:\/\/www.pasteris.it\/blog\/wp-json\/wp\/v2\/tags?post=22513"}],"curies":[{"name":"wp","href":"https:\/\/api.w.org\/{rel}","templated":true}]}}