{"id":22617,"date":"2010-11-28T13:46:10","date_gmt":"2010-11-28T12:46:10","guid":{"rendered":"http:\/\/www.pasteris.it\/blog\/?p=22617"},"modified":"2010-11-28T13:51:09","modified_gmt":"2010-11-28T12:51:09","slug":"il-caos-dello-switch-off-al-digitale-terrestre","status":"publish","type":"post","link":"https:\/\/www.pasteris.it\/blog\/2010\/11\/28\/il-caos-dello-switch-off-al-digitale-terrestre\/","title":{"rendered":"Il caos dello switch off al digitale terrestre in Lombardia"},"content":{"rendered":"<p>In Torino, abbiamo gi\u00e0 dato. <a href=\"http:\/\/milano.repubblica.it\/cronaca\/2010\/11\/27\/news\/digitale_terrestre_in_lombardia_lo_switch_off_comincia_nel_caos-9564472\/\">Via Repubblica<\/a><\/p>\n<blockquote><p>Canali oscurati, centralini degli antennisti presi d&#8217;assalto, alberghi e  condomini in rivolta perch\u00e9 le tiv\u00f9 non funzionano. Il giorno dello  switch off, a Milano, \u00e8 stato il giorno del grande caos. Tutti disagi  previsti, spiegano i tecnici, che per\u00f2 non troveranno soluzione prima di  qualche settimana. Addirittura, fino a met\u00e0 gennaio, dicono alcuni  antennisti, &#8220;perch\u00e9 fino ad allora l&#8217;agenda degli appuntamenti \u00e8 piena&#8221;.<\/p>\n<p>Il  primo problema \u00e8 stato capire cosa stesse accadendo ai televisori.  &#8220;Abbiamo ricevuto pi\u00f9 di duecento chiamate &#8211; racconta Giancarlo Righi,  antennista della Sai elettronica srl &#8211; la maggior parte delle quali per  la risintonizzazione. A qualcuno abbiamo provato a spiegarlo via  telefono, andarci fisicamente \u00e8 impossibile&#8221;. Secondo problema, le  antenne. Con lo switch off molte emittenti hanno cambiato la frequenza  da cui trasmettevano e in alcuni condomini \u00e8 necessaria la mano di uno  specialista. Anche per questi interventi\u00a0 erano arrivate moltissime  chiamate.<\/p><\/blockquote>\n","protected":false},"excerpt":{"rendered":"<p>In Torino, abbiamo gi\u00e0 dato. Via Repubblica Canali oscurati, centralini degli antennisti presi d&#8217;assalto, alberghi e condomini in rivolta perch\u00e9 le tiv\u00f9 non funzionano. Il giorno dello switch off, a Milano, \u00e8 stato il giorno del grande caos. Tutti disagi previsti, spiegano i tecnici, che per\u00f2 non troveranno soluzione prima di qualche settimana. Addirittura, fino &#8230; <a title=\"Il caos dello switch off al digitale terrestre in Lombardia\" class=\"read-more\" href=\"https:\/\/www.pasteris.it\/blog\/2010\/11\/28\/il-caos-dello-switch-off-al-digitale-terrestre\/\" aria-label=\"Per saperne di pi\u00f9 su Il caos dello switch off al digitale terrestre in Lombardia\">Leggi tutto<\/a><\/p>\n","protected":false},"author":3,"featured_media":0,"comment_status":"open","ping_status":"open","sticky":false,"template":"","format":"standard","meta":{"footnotes":""},"categories":[30,14],"tags":[752,230,2160],"class_list":["post-22617","post","type-post","status-publish","format-standard","hentry","category-media","category-torino","tag-digitale-terrestre","tag-milano","tag-torino"],"_links":{"self":[{"href":"https:\/\/www.pasteris.it\/blog\/wp-json\/wp\/v2\/posts\/22617","targetHints":{"allow":["GET"]}}],"collection":[{"href":"https:\/\/www.pasteris.it\/blog\/wp-json\/wp\/v2\/posts"}],"about":[{"href":"https:\/\/www.pasteris.it\/blog\/wp-json\/wp\/v2\/types\/post"}],"author":[{"embeddable":true,"href":"https:\/\/www.pasteris.it\/blog\/wp-json\/wp\/v2\/users\/3"}],"replies":[{"embeddable":true,"href":"https:\/\/www.pasteris.it\/blog\/wp-json\/wp\/v2\/comments?post=22617"}],"version-history":[{"count":3,"href":"https:\/\/www.pasteris.it\/blog\/wp-json\/wp\/v2\/posts\/22617\/revisions"}],"predecessor-version":[{"id":22620,"href":"https:\/\/www.pasteris.it\/blog\/wp-json\/wp\/v2\/posts\/22617\/revisions\/22620"}],"wp:attachment":[{"href":"https:\/\/www.pasteris.it\/blog\/wp-json\/wp\/v2\/media?parent=22617"}],"wp:term":[{"taxonomy":"category","embeddable":true,"href":"https:\/\/www.pasteris.it\/blog\/wp-json\/wp\/v2\/categories?post=22617"},{"taxonomy":"post_tag","embeddable":true,"href":"https:\/\/www.pasteris.it\/blog\/wp-json\/wp\/v2\/tags?post=22617"}],"curies":[{"name":"wp","href":"https:\/\/api.w.org\/{rel}","templated":true}]}}