{"id":22655,"date":"2010-11-28T21:31:17","date_gmt":"2010-11-28T20:31:17","guid":{"rendered":"http:\/\/www.pasteris.it\/blog\/?p=22655"},"modified":"2010-11-28T21:31:17","modified_gmt":"2010-11-28T20:31:17","slug":"profumo-non-ci-sta-e-se-ne-esce-con-stile-la-sua-lettera-ai-torinesi","status":"publish","type":"post","link":"https:\/\/www.pasteris.it\/blog\/2010\/11\/28\/profumo-non-ci-sta-e-se-ne-esce-con-stile-la-sua-lettera-ai-torinesi\/","title":{"rendered":"Profumo non ci sta e se ne esce con stile: la sua lettera ai torinesi"},"content":{"rendered":"<p>Care Concittadine e cari Concittadini, mi rivolgo a voi per dire una parola definitiva sull&#8217;ipotesi di &#8220;Profumo Candidato Sindaco di Torino&#8221;, perch\u00e9 \u00e8 direttamente a voi che credo sia giusto che io parli.<\/p>\n<p>Io sono molto onorato che una grande Citt\u00e0 come Torino, nella quale non sono nato, ma dove ho studiato, vivo con la mia famiglia e lavoro con grande soddisfazione da molti anni, abbia pensato a me come futuro Sindaco della Citt\u00e0, attraverso l&#8217;espressione di persone della cultura, del terzo settore, delle parti sociali, delle realt\u00e0 imprenditoriali, degli studenti, della societ\u00e0 civile in generale e della politica. Non sono certo di meritarlo, ma sono piacevolmente stupito e colpito dal fatto che, in questi ultimi mesi, molte persone (uomini, donne, giovani e anziani) che non avevo mai conosciuto in precedenza, mi fermino per strada e mi chiedano che cosa io pensi della Torino del futuro e se mi candider\u00f2 per diventare il Sindaco della Citt\u00e0. Nessuno mi ha mai parlato di partiti, di primarie e di rapporti tra Torino e Roma.<\/p>\n<p>Una premessa \u00e8 opportuna. Fin dall&#8217;inizio della querelle dissi che io ero al mio secondo mandato come Rettore del Politecnico, che avrei terminato nel 2013, che il processo di rinnovamento dell&#8217;Ateneo non era ancora concluso e che mi sentivo impegnato verso i miei colleghi e gli studenti a portare a termine il mio lavoro.<\/p>\n<p><!--more-->Io non ho mai &#8220;tirato la corda dei tempi&#8221;, ritengo che la fretta sia una cattiva consigliera: in tutte le scelte importanti della vita, quando si \u00e8 trattato di prendere una decisione e il tempo stringeva, mi sono detto: calma, rilassati, valuta attentamente. E&#8217; la mia razionalit\u00e0 che me lo impone. Credo, ancora una volta, di aver avuto ragione, provate ad immaginare quale sarebbe stata la mia vita negli ultimi mesi, se avessi seguito i molti &#8220;consiglieri della fretta&#8221;.<\/p>\n<p>Prendo atto del fatto che la conflittualit\u00e0 della politica nazionale ha dei riflessi importanti anche sulla partita delle elezioni amministrative della prossima primavera e che tutto il processo ne \u00e8 stato inevitabilmente accelerato. In questi mesi, a Torino, si \u00e8 parlato troppo poco della Torino del futuro e molto delle lotte interne ai partiti, di primarie e dei rapporti tra Roma e Torino. I cittadini vogliono invece discutere, ascoltare, immaginare, avere indicazioni su quale ruolo potr\u00e0 giocare il Comune di Torino sui grandi temi della citt\u00e0: Fiat e territorio, lavoro e giovani, socialit\u00e0 e classi pi\u00f9 deboli, finanza delle casse comunali e investimenti sul territorio, integrazione e sicurezza, attrazione di investimenti e innovazione, formazione, ricerca e sviluppo e molto altro.<\/p>\n<p>I risultati del lavoro delle giunte Castellani e Chiamparino, che ci consegnano una bella citt\u00e0, &#8211; e credo di interpretare in modo corretto il vostro pensiero, di cui noi tutti siamo orgogliosi &#8211; diversa e migliore di quanto non fosse all&#8217;inizio degli anni &#8217;90. Non \u00e8, credetemi, un compiacimento autoreferenziale, ma molte sono le attestazioni che ci provengono da ogni parte del mondo. Non ultimo l&#8217;invito rivolto da due delle pi\u00f9 prestigiose istituzioni anglosassoni, la Brookings Institution e la London School of Economics al Sindaco, al Presidente dell&#8217;Unione Industriale e al Rettore del Politecnico il 7 e 8 dicembre 2010 a Chicago al Global Metro Summit, dove Torino, con altre tre citt\u00e0, Monaco, Barcellona e Seul, \u00e8 stata scelta come esempio di rinascita virtuosa dalla crisi attraverso un piano strategico basato sulla riqualificazione urbana, sulla centralit\u00e0 della conoscenza, sulle nuove energie e lo sviluppo sostenibile. Questo \u00e8 un grande riconoscimento per il lavoro fatto, ma \u00e8 una responsabilit\u00e0 per l&#8217;Amministrazione che governer\u00e0 la citt\u00e0 nei prossimi anni. Ho avuto la certezza che la scelta su Torino sia stata determinata anche dal nuovo ruolo della nostra maggiore azienda automobilistica nazionale negli Stati Uniti: essere passati dal Fix it Again Tony al Fix the Industry of Automobile, Thanks! \u00c8 un risultato di cui tutti dobbiamo compiacerci.<\/p>\n<p>Per il futuro di Torino c&#8217;\u00e8 una grande scommessa della politica, nel senso pi\u00f9 alto del termine: qualcuno ha detto &#8220;Novecento contro nuovo secolo&#8221;. Torino pu\u00f2 diventare, come spesso le \u00e8 successo nel passato, il laboratorio avanzato del nostro Paese e del nostro futuro, che ha necessit\u00e0 di ritrovare visione, idee, valori, energie e risorse per poter competere con gli altri grandi Paesi, in cui territori e globalizzazione dovranno trovare una sintesi di equilibrio, senza creare conflitti sociali che lacerano e che non creano nulla.<\/p>\n<p>La discussione di questi giorni \u00e8 se a guidare questo processo debba essere la politica o la societ\u00e0 civile. Io credo che il tema non sia posto nei termini corretti: il panorama \u00e8 complesso e la politica da sola non pu\u00f2 pi\u00f9 farcela, perch\u00e9 la gestione del cambiamento sul medio termine (10-15 anni) richiede metodiche e strumenti sofisticati e visioni e tempi che non sono compatibili con una politica che non pu\u00f2 avere tutte le competenze e troppo pressata dal quotidiano e dagli eventi a breve a termine. Nello stesso tempo la societ\u00e0 civile che potrebbe avere la vision e gli strumenti per guidare il cambiamento, non sempre capisce le &#8220;logiche-non logiche&#8221; della politica (accelerazioni e decelerazioni, comunicazioni contraddittorie, dinamiche schizofreniche) e rischia di non saper gestire il quotidiano. La soluzione non \u00e8 dietro l&#8217;angolo, ma forse sarebbe stato opportuno ascoltare di pi\u00f9 le istanze dei cittadini e ricordare che dovremo scegliere chi amministrer\u00e0 la nostra citt\u00e0 nei prossimi cinque anni e non i nostri politici da inviare a Roma. Si sarebbe potuto partire da un Progetto Torino 2020, per creare successivamente una lista civica proprio con quel nome, con il supporto dei partiti. Quali? Quelli che si fossero riconosciuti nel programma.<\/p>\n<p>Veniamo a me. In tempi non sospetti, all&#8217;inizio della querelle sulla mia disponibilit\u00e0 a candidarmi a Sindaco di Torino, indicai tre condizioni preliminari: non essere il candidato di un partito, ma l&#8217;espressione della societ\u00e0 civile, creare un laboratorio Torino di larghe intese (stiamo parlando di amministrare una Citt\u00e0 e non di politica nazionale) cos\u00ec come era stata Alleanza per Torino del 1993, superare lo scoglio delle primarie, non venendo meno alle regole dei partiti, con la creazione di una lista civica supportata dai partiti. Purtroppo, fino ad oggi, nonostante la buona volont\u00e0 di molti, non si \u00e8 verificata la convergenza sui tre punti da me indicati. Pertanto, confermo la mia disponibilit\u00e0 a lavorare per il Progetto Torino 2020, con energia ed entusiasmo, ma dalla mia posizione di Rettore del Politecnico di Torino. In chiusura di questa mia lettera, permettetemi infine due sinceri ringraziamenti. In primo luogo a tutti coloro che lavorano e studiano al Politecnico, studenti, personale tecnico amministrativo e docenti, che hanno continuato il loro straordinario lavoro per l&#8217;Istituzione, in un periodo, loro malgrado, molto difficile e incerto. A loro assicuro rinnovato impegno ed entusiasmo nel perseguire gli importantissimi obiettivi comuni che ci attendono. In secondo luogo, a tutti coloro che in questa fase cos\u00ec interessante della mia vita mi sono stati vicini, in primis mia moglie e i miei figli, permettendomi di fare una scelta responsabile e indipendente, che spero possa essere condivisa da molti di voi. Con gratitudine.<\/p>\n<p>Francesco Profumo<\/p>\n","protected":false},"excerpt":{"rendered":"<p>Care Concittadine e cari Concittadini, mi rivolgo a voi per dire una parola definitiva sull&#8217;ipotesi di &#8220;Profumo Candidato Sindaco di Torino&#8221;, perch\u00e9 \u00e8 direttamente a voi che credo sia giusto che io parli. Io sono molto onorato che una grande Citt\u00e0 come Torino, nella quale non sono nato, ma dove ho studiato, vivo con la &#8230; <a title=\"Profumo non ci sta e se ne esce con stile: la sua lettera ai torinesi\" class=\"read-more\" href=\"https:\/\/www.pasteris.it\/blog\/2010\/11\/28\/profumo-non-ci-sta-e-se-ne-esce-con-stile-la-sua-lettera-ai-torinesi\/\" aria-label=\"Per saperne di pi\u00f9 su Profumo non ci sta e se ne esce con stile: la sua lettera ai torinesi\">Leggi tutto<\/a><\/p>\n","protected":false},"author":3,"featured_media":0,"comment_status":"open","ping_status":"open","sticky":false,"template":"","format":"standard","meta":{"footnotes":""},"categories":[32,14],"tags":[2160,1493],"class_list":["post-22655","post","type-post","status-publish","format-standard","hentry","category-pensieri","category-torino","tag-torino","tag-sindaco"],"_links":{"self":[{"href":"https:\/\/www.pasteris.it\/blog\/wp-json\/wp\/v2\/posts\/22655","targetHints":{"allow":["GET"]}}],"collection":[{"href":"https:\/\/www.pasteris.it\/blog\/wp-json\/wp\/v2\/posts"}],"about":[{"href":"https:\/\/www.pasteris.it\/blog\/wp-json\/wp\/v2\/types\/post"}],"author":[{"embeddable":true,"href":"https:\/\/www.pasteris.it\/blog\/wp-json\/wp\/v2\/users\/3"}],"replies":[{"embeddable":true,"href":"https:\/\/www.pasteris.it\/blog\/wp-json\/wp\/v2\/comments?post=22655"}],"version-history":[{"count":1,"href":"https:\/\/www.pasteris.it\/blog\/wp-json\/wp\/v2\/posts\/22655\/revisions"}],"predecessor-version":[{"id":22656,"href":"https:\/\/www.pasteris.it\/blog\/wp-json\/wp\/v2\/posts\/22655\/revisions\/22656"}],"wp:attachment":[{"href":"https:\/\/www.pasteris.it\/blog\/wp-json\/wp\/v2\/media?parent=22655"}],"wp:term":[{"taxonomy":"category","embeddable":true,"href":"https:\/\/www.pasteris.it\/blog\/wp-json\/wp\/v2\/categories?post=22655"},{"taxonomy":"post_tag","embeddable":true,"href":"https:\/\/www.pasteris.it\/blog\/wp-json\/wp\/v2\/tags?post=22655"}],"curies":[{"name":"wp","href":"https:\/\/api.w.org\/{rel}","templated":true}]}}