{"id":2267,"date":"2007-09-26T07:16:47","date_gmt":"2007-09-26T05:16:47","guid":{"rendered":"http:\/\/www.pasteris.it\/blog\/2007\/09\/26\/quando-la-liberta-e-altrove\/"},"modified":"2007-09-26T07:16:47","modified_gmt":"2007-09-26T05:16:47","slug":"quando-la-liberta-e-altrove","status":"publish","type":"post","link":"https:\/\/www.pasteris.it\/blog\/2007\/09\/26\/quando-la-liberta-e-altrove\/","title":{"rendered":"Quando la libert\u00e0 \u00e8 altrove"},"content":{"rendered":"<p><img loading=\"lazy\" decoding=\"async\" src=\"http:\/\/www.pasolini.net\/gramsci01.jpg\" align=\"right\" height=\"198\" width=\"180\" \/>Quale  significato hanno oggi per noi i nomi di Antonio Gramsci, Piero  Gobetti, Gaetano      Salvemini, Carlo                    e Nello Rosselli, dei quali cade tra il 2006  e il 2007 l&#8217;anniversario della scomparsa? Quale contributo                    questi uomini di pensiero e d\u2019azione hanno dato alla formazione                    del nostro lessico civile e costituzionale?<br \/>\nNasce da queste domande l&#8217;idea<a href=\"http:\/\/www.liberta-altrove.it\"> di promuovere  a Torino, luogo d&#8217;incontro                   delle culture politiche democratiche, un ciclo unitario                    di iniziative<strong> <\/strong>che ha come riferimento il loro percorso biografico                    e intellettuale<\/a>.<\/p>\n<map name=\"Map\">\n<area href=\"http:\/\/www.liberta-altrove.it\/Templates_it\/index.htm\" shape=\"rect\" coords=\"1,2,147,77\" \/>    <\/map>\n","protected":false},"excerpt":{"rendered":"<p>Quale significato hanno oggi per noi i nomi di Antonio Gramsci, Piero Gobetti, Gaetano Salvemini, Carlo e Nello Rosselli, dei quali cade tra il 2006 e il 2007 l&#8217;anniversario della scomparsa? Quale contributo questi uomini di pensiero e d\u2019azione hanno dato alla formazione del nostro lessico civile e costituzionale? Nasce da queste domande l&#8217;idea di &#8230; <a title=\"Quando la libert\u00e0 \u00e8 altrove\" class=\"read-more\" href=\"https:\/\/www.pasteris.it\/blog\/2007\/09\/26\/quando-la-liberta-e-altrove\/\" aria-label=\"Per saperne di pi\u00f9 su Quando la libert\u00e0 \u00e8 altrove\">Leggi tutto<\/a><\/p>\n","protected":false},"author":4,"featured_media":0,"comment_status":"open","ping_status":"open","sticky":false,"template":"","format":"standard","meta":{"footnotes":""},"categories":[],"tags":[2160],"class_list":["post-2267","post","type-post","status-publish","format-standard","hentry","tag-torino"],"_links":{"self":[{"href":"https:\/\/www.pasteris.it\/blog\/wp-json\/wp\/v2\/posts\/2267","targetHints":{"allow":["GET"]}}],"collection":[{"href":"https:\/\/www.pasteris.it\/blog\/wp-json\/wp\/v2\/posts"}],"about":[{"href":"https:\/\/www.pasteris.it\/blog\/wp-json\/wp\/v2\/types\/post"}],"author":[{"embeddable":true,"href":"https:\/\/www.pasteris.it\/blog\/wp-json\/wp\/v2\/users\/4"}],"replies":[{"embeddable":true,"href":"https:\/\/www.pasteris.it\/blog\/wp-json\/wp\/v2\/comments?post=2267"}],"version-history":[{"count":0,"href":"https:\/\/www.pasteris.it\/blog\/wp-json\/wp\/v2\/posts\/2267\/revisions"}],"wp:attachment":[{"href":"https:\/\/www.pasteris.it\/blog\/wp-json\/wp\/v2\/media?parent=2267"}],"wp:term":[{"taxonomy":"category","embeddable":true,"href":"https:\/\/www.pasteris.it\/blog\/wp-json\/wp\/v2\/categories?post=2267"},{"taxonomy":"post_tag","embeddable":true,"href":"https:\/\/www.pasteris.it\/blog\/wp-json\/wp\/v2\/tags?post=2267"}],"curies":[{"name":"wp","href":"https:\/\/api.w.org\/{rel}","templated":true}]}}