{"id":22994,"date":"2010-12-10T23:38:43","date_gmt":"2010-12-10T22:38:43","guid":{"rendered":"http:\/\/www.pasteris.it\/blog\/?p=22994"},"modified":"2010-12-10T23:38:43","modified_gmt":"2010-12-10T22:38:43","slug":"a-torino-il-primo-museo-del-web","status":"publish","type":"post","link":"https:\/\/www.pasteris.it\/blog\/2010\/12\/10\/a-torino-il-primo-museo-del-web\/","title":{"rendered":"A Torino il primo museo del Web ?"},"content":{"rendered":"<p><a href=\"http:\/\/www3.lastampa.it\/torino\/sezioni\/cultura\/articolo\/lstp\/379341\/\">Via Lastampa.it<\/a><\/p>\n<blockquote><p>L\u2019idea \u00e8 di quelle, come hanno fatto notare ieri in Comune, in grado di  restituire ancora una volta a Torino il ruolo di apripista: stavolta  sar\u00e0 la prima citt\u00e0 italiana in grado di inaugurare un museo dedicato a  Internet. Ma non \u00e8 tutto. Questa \u00abpinacoteca sorvegliata dalla  chiocciola del Web\u00bb che esporr\u00e0 computer e mouse sar\u00e0 sistemata a due  passi dal Museo del Cinema e dal Museo della Radio. Tutto questo si deve  a un\u2019idea dell\u2019imprenditore Marco Boglione, autentico appassionato  d\u2019informatica che nutre lo stesso \u00abfanatico\u00bb sentimento per la sua  citt\u00e0. E cos\u00ec, dal momento che giusto pochi giorni fa \u00e8 riuscito a  mettere le mani &#8211; pagandolo 156 mila euro da Christie\u2019s &#8211; sul primo  computer della storia firmato Apple, ha deciso di esporlo insieme con  altri pezzi della sua singolare \u00ab@-collezione\u00bb nel primo museo tutto  dedicato a Internet.<\/p>\n<p>Sino a qualche giorno fa, per\u00f2, l\u2019idea di  allestire una mostra permanente sulle origini del Web era soltanto un  auspicio, bello, ma ancora solo teorico. Da luned\u00ec scorso invece c\u2019\u00e8  anche la location, che pi\u00f9 azzeccata non si potrebbe: si tratta del  Teatro Scribe, che da anni, essendo ridotto a un cumulo di macerie,  rappresenta un grande problema per il Comune, e in seconda battuta per  il Museo del Cinema e per la Rai. Ed \u00e8 proprio con alcuni vertici Rai  che luned\u00ec scorso si \u00e8 incontrato l\u2019imprenditore Marco Boglione. A loro &#8211;  che sono i proprietari del Teatro Scribe &#8211; l\u2019imprenditore ha sottoposto  la suggestiva proposta di ambientarci un museo tutto dedicato a  Internet.<\/p><\/blockquote>\n","protected":false},"excerpt":{"rendered":"<p>Via Lastampa.it L\u2019idea \u00e8 di quelle, come hanno fatto notare ieri in Comune, in grado di restituire ancora una volta a Torino il ruolo di apripista: stavolta sar\u00e0 la prima citt\u00e0 italiana in grado di inaugurare un museo dedicato a Internet. Ma non \u00e8 tutto. Questa \u00abpinacoteca sorvegliata dalla chiocciola del Web\u00bb che esporr\u00e0 computer &#8230; <a title=\"A Torino il primo museo del Web ?\" class=\"read-more\" href=\"https:\/\/www.pasteris.it\/blog\/2010\/12\/10\/a-torino-il-primo-museo-del-web\/\" aria-label=\"Per saperne di pi\u00f9 su A Torino il primo museo del Web ?\">Leggi tutto<\/a><\/p>\n","protected":false},"author":3,"featured_media":0,"comment_status":"open","ping_status":"open","sticky":false,"template":"","format":"standard","meta":{"footnotes":""},"categories":[6,14],"tags":[2171,673,2160,363],"class_list":["post-22994","post","type-post","status-publish","format-standard","hentry","category-internet","category-torino","tag-computer","tag-museo","tag-torino","tag-web"],"_links":{"self":[{"href":"https:\/\/www.pasteris.it\/blog\/wp-json\/wp\/v2\/posts\/22994","targetHints":{"allow":["GET"]}}],"collection":[{"href":"https:\/\/www.pasteris.it\/blog\/wp-json\/wp\/v2\/posts"}],"about":[{"href":"https:\/\/www.pasteris.it\/blog\/wp-json\/wp\/v2\/types\/post"}],"author":[{"embeddable":true,"href":"https:\/\/www.pasteris.it\/blog\/wp-json\/wp\/v2\/users\/3"}],"replies":[{"embeddable":true,"href":"https:\/\/www.pasteris.it\/blog\/wp-json\/wp\/v2\/comments?post=22994"}],"version-history":[{"count":2,"href":"https:\/\/www.pasteris.it\/blog\/wp-json\/wp\/v2\/posts\/22994\/revisions"}],"predecessor-version":[{"id":22996,"href":"https:\/\/www.pasteris.it\/blog\/wp-json\/wp\/v2\/posts\/22994\/revisions\/22996"}],"wp:attachment":[{"href":"https:\/\/www.pasteris.it\/blog\/wp-json\/wp\/v2\/media?parent=22994"}],"wp:term":[{"taxonomy":"category","embeddable":true,"href":"https:\/\/www.pasteris.it\/blog\/wp-json\/wp\/v2\/categories?post=22994"},{"taxonomy":"post_tag","embeddable":true,"href":"https:\/\/www.pasteris.it\/blog\/wp-json\/wp\/v2\/tags?post=22994"}],"curies":[{"name":"wp","href":"https:\/\/api.w.org\/{rel}","templated":true}]}}