{"id":23003,"date":"2010-12-11T15:08:38","date_gmt":"2010-12-11T14:08:38","guid":{"rendered":"http:\/\/www.pasteris.it\/blog\/?p=23003"},"modified":"2010-12-12T06:06:00","modified_gmt":"2010-12-12T05:06:00","slug":"a-milano-venerdi-prossimo-si-parla-di-precariato-di-giornalisti-e-di-altre-cose","status":"publish","type":"post","link":"https:\/\/www.pasteris.it\/blog\/2010\/12\/11\/a-milano-venerdi-prossimo-si-parla-di-precariato-di-giornalisti-e-di-altre-cose\/","title":{"rendered":"A Milano venerd\u00ec prossimo si parla di precariato, di giornalisti e di altre cose"},"content":{"rendered":"<p>Venerd\u00ec\u00a0 17 dicembre al <a href=\"http:\/\/www.circolostampamilano.it\/\">Circolo della Stampa di Milano<\/a> , in corso  Venezia 16, dalle ore 15 in poi, si svolger\u00e0 un incontro in cui si parler\u00e0 di precariato nel settore giornalistico, di giornalismo e legalit\u00e0 del lavoro, a cui parteciper\u00e0 anche la grande <a href=\"http:\/\/precaria.tumblr.com\/\">Paola Caruso<\/a> e tutti quelli che difendono i diritti dei giornalisti precari o vessati economicamente.<br \/>\nOvviamente presente il bloggante titolare con ospiti. Il concetto base \u00e8 elementare: <em>se noi non ci occupiamo di noi stessi, nessuno lo far\u00e0 al posto nostro.<\/em><\/p>\n","protected":false},"excerpt":{"rendered":"<p>Venerd\u00ec\u00a0 17 dicembre al Circolo della Stampa di Milano , in corso Venezia 16, dalle ore 15 in poi, si svolger\u00e0 un incontro in cui si parler\u00e0 di precariato nel settore giornalistico, di giornalismo e legalit\u00e0 del lavoro, a cui parteciper\u00e0 anche la grande Paola Caruso e tutti quelli che difendono i diritti dei giornalisti &#8230; <a title=\"A Milano venerd\u00ec prossimo si parla di precariato, di giornalisti e di altre cose\" class=\"read-more\" href=\"https:\/\/www.pasteris.it\/blog\/2010\/12\/11\/a-milano-venerdi-prossimo-si-parla-di-precariato-di-giornalisti-e-di-altre-cose\/\" aria-label=\"Per saperne di pi\u00f9 su A Milano venerd\u00ec prossimo si parla di precariato, di giornalisti e di altre cose\">Leggi tutto<\/a><\/p>\n","protected":false},"author":3,"featured_media":0,"comment_status":"open","ping_status":"open","sticky":false,"template":"","format":"standard","meta":{"footnotes":""},"categories":[11,30,32],"tags":[161,426,500],"class_list":["post-23003","post","type-post","status-publish","format-standard","hentry","category-diritti","category-media","category-pensieri","tag-giornalisti","tag-lavoro","tag-precari"],"_links":{"self":[{"href":"https:\/\/www.pasteris.it\/blog\/wp-json\/wp\/v2\/posts\/23003","targetHints":{"allow":["GET"]}}],"collection":[{"href":"https:\/\/www.pasteris.it\/blog\/wp-json\/wp\/v2\/posts"}],"about":[{"href":"https:\/\/www.pasteris.it\/blog\/wp-json\/wp\/v2\/types\/post"}],"author":[{"embeddable":true,"href":"https:\/\/www.pasteris.it\/blog\/wp-json\/wp\/v2\/users\/3"}],"replies":[{"embeddable":true,"href":"https:\/\/www.pasteris.it\/blog\/wp-json\/wp\/v2\/comments?post=23003"}],"version-history":[{"count":4,"href":"https:\/\/www.pasteris.it\/blog\/wp-json\/wp\/v2\/posts\/23003\/revisions"}],"predecessor-version":[{"id":23005,"href":"https:\/\/www.pasteris.it\/blog\/wp-json\/wp\/v2\/posts\/23003\/revisions\/23005"}],"wp:attachment":[{"href":"https:\/\/www.pasteris.it\/blog\/wp-json\/wp\/v2\/media?parent=23003"}],"wp:term":[{"taxonomy":"category","embeddable":true,"href":"https:\/\/www.pasteris.it\/blog\/wp-json\/wp\/v2\/categories?post=23003"},{"taxonomy":"post_tag","embeddable":true,"href":"https:\/\/www.pasteris.it\/blog\/wp-json\/wp\/v2\/tags?post=23003"}],"curies":[{"name":"wp","href":"https:\/\/api.w.org\/{rel}","templated":true}]}}