{"id":23031,"date":"2010-12-13T01:26:06","date_gmt":"2010-12-13T00:26:06","guid":{"rendered":"http:\/\/www.pasteris.it\/blog\/?p=23031"},"modified":"2010-12-13T01:26:06","modified_gmt":"2010-12-13T00:26:06","slug":"il-ritorno-del-maestro-pratellesi","status":"publish","type":"post","link":"https:\/\/www.pasteris.it\/blog\/2010\/12\/13\/il-ritorno-del-maestro-pratellesi\/","title":{"rendered":"Il ritorno del maestro Pratellesi"},"content":{"rendered":"<p><a href=\"http:\/\/mediablog.vanityfair.it\/\">Mediablog di Marco Pratellesi si \u00e8 reincarnato in Vanity Fair<\/a><\/p>\n<blockquote><p>Eccoci qua, finalmente. Oggi \u00e8 un giorno importante perch\u00e9 Vanity Fair ha una nuova dimensione: quella digitale, moderna e ancora pi\u00f9 vicina  ai lettori con i quali pu\u00f2 adesso instaurare un dialogo quotidiano. Per  me \u00e8 poi un giorno doppiamente importante perch\u00e9 riparte Mediablog, che avevo lasciato, insieme al <a href=\"http:\/\/mediablog.corriere.it\/\" target=\"_blank\">Corriere della Sera<\/a>,  nell\u2019aprile scorso. Tra le poche certezze che ho maturato in 13 anni di  lavoro online c\u2019\u00e8 la convinzione che oggi non si possa fare un buon  lavoro editoriale se non si impara ad ascoltare i lettori con  attenzione. Fino a dieci anni fa il lettore era rilegato a un ruolo  passivo: leggeva il giornale, ascoltava la radio, guardava la  televisione, ma non poteva esprimere la propria opinione se non  prendendo carta e penna per inviare una lettera al direttore.<\/p>\n<p>In dieci anni \u00e8 cambiato tutto. Oggi chi fa il giornalista sulla rete  sa che scrive con gli occhi dei lettori puntati addosso, in tempo  reale, pronti a rilevare ogni minima imprecisione, ogni contraddizione,  ogni errore. E non solo. Il lettore arricchisce l\u2019articolo con punti i  vista diversi, notizie e particolari che al giornalista possono essere  sfuggiti. A volte fa anche di pi\u00f9: i pi\u00f9 esperti sono in grado di  verificare le fonti su internet e capita che possano mettere in  difficolt\u00e0 il giornalista superficiale o poco scrupoloso.<\/p><\/blockquote>\n","protected":false},"excerpt":{"rendered":"<p>Mediablog di Marco Pratellesi si \u00e8 reincarnato in Vanity Fair Eccoci qua, finalmente. Oggi \u00e8 un giorno importante perch\u00e9 Vanity Fair ha una nuova dimensione: quella digitale, moderna e ancora pi\u00f9 vicina ai lettori con i quali pu\u00f2 adesso instaurare un dialogo quotidiano. Per me \u00e8 poi un giorno doppiamente importante perch\u00e9 riparte Mediablog, che &#8230; <a title=\"Il ritorno del maestro Pratellesi\" class=\"read-more\" href=\"https:\/\/www.pasteris.it\/blog\/2010\/12\/13\/il-ritorno-del-maestro-pratellesi\/\" aria-label=\"Per saperne di pi\u00f9 su Il ritorno del maestro Pratellesi\">Leggi tutto<\/a><\/p>\n","protected":false},"author":3,"featured_media":0,"comment_status":"open","ping_status":"open","sticky":false,"template":"","format":"standard","meta":{"footnotes":""},"categories":[6,30],"tags":[161,2155,1262],"class_list":["post-23031","post","type-post","status-publish","format-standard","hentry","category-internet","category-media","tag-giornalisti","tag-internet","tag-pratellesi"],"_links":{"self":[{"href":"https:\/\/www.pasteris.it\/blog\/wp-json\/wp\/v2\/posts\/23031","targetHints":{"allow":["GET"]}}],"collection":[{"href":"https:\/\/www.pasteris.it\/blog\/wp-json\/wp\/v2\/posts"}],"about":[{"href":"https:\/\/www.pasteris.it\/blog\/wp-json\/wp\/v2\/types\/post"}],"author":[{"embeddable":true,"href":"https:\/\/www.pasteris.it\/blog\/wp-json\/wp\/v2\/users\/3"}],"replies":[{"embeddable":true,"href":"https:\/\/www.pasteris.it\/blog\/wp-json\/wp\/v2\/comments?post=23031"}],"version-history":[{"count":2,"href":"https:\/\/www.pasteris.it\/blog\/wp-json\/wp\/v2\/posts\/23031\/revisions"}],"predecessor-version":[{"id":23033,"href":"https:\/\/www.pasteris.it\/blog\/wp-json\/wp\/v2\/posts\/23031\/revisions\/23033"}],"wp:attachment":[{"href":"https:\/\/www.pasteris.it\/blog\/wp-json\/wp\/v2\/media?parent=23031"}],"wp:term":[{"taxonomy":"category","embeddable":true,"href":"https:\/\/www.pasteris.it\/blog\/wp-json\/wp\/v2\/categories?post=23031"},{"taxonomy":"post_tag","embeddable":true,"href":"https:\/\/www.pasteris.it\/blog\/wp-json\/wp\/v2\/tags?post=23031"}],"curies":[{"name":"wp","href":"https:\/\/api.w.org\/{rel}","templated":true}]}}