{"id":23058,"date":"2010-12-14T00:00:04","date_gmt":"2010-12-13T23:00:04","guid":{"rendered":"http:\/\/www.pasteris.it\/blog\/?p=23058"},"modified":"2010-12-14T01:46:39","modified_gmt":"2010-12-14T00:46:39","slug":"scanavino-nuovo-ad-di-publikompass","status":"publish","type":"post","link":"https:\/\/www.pasteris.it\/blog\/2010\/12\/14\/scanavino-nuovo-ad-di-publikompass\/","title":{"rendered":"Scanavino nuovo AD di Publikompass"},"content":{"rendered":"<p><a href=\"http:\/\/it.reuters.com\/article\/itEuroRpt\/idITMIE6BC0ID20101213\">Via Reuters<\/a><\/p>\n<blockquote><p>Cambio al vertice di Publikompass, concessionaria di pubblicit\u00e0 del quotidiano La Stampa. Maurizio Scanavino \u00e8 stato oggi nominato amministratore e direttore generale della societ\u00e0, al posto di Giorgio Carlo Ferrari, che ha rassegnato in data odierna le dimissioni, dice una nota Fiat.<\/p>\n<p>Scanavino ricopre attualmente l&#8217;incarico di direttore commerciale e marketing de La Stampa. In precedenza ha ricoperto incarichi in ambito marketing e commerciale in Fiat Group Automobiles in Italia e all&#8217;estero.<\/p><\/blockquote>\n","protected":false},"excerpt":{"rendered":"<p>Via Reuters Cambio al vertice di Publikompass, concessionaria di pubblicit\u00e0 del quotidiano La Stampa. Maurizio Scanavino \u00e8 stato oggi nominato amministratore e direttore generale della societ\u00e0, al posto di Giorgio Carlo Ferrari, che ha rassegnato in data odierna le dimissioni, dice una nota Fiat. Scanavino ricopre attualmente l&#8217;incarico di direttore commerciale e marketing de La &#8230; <a title=\"Scanavino nuovo AD di Publikompass\" class=\"read-more\" href=\"https:\/\/www.pasteris.it\/blog\/2010\/12\/14\/scanavino-nuovo-ad-di-publikompass\/\" aria-label=\"Per saperne di pi\u00f9 su Scanavino nuovo AD di Publikompass\">Leggi tutto<\/a><\/p>\n","protected":false},"author":3,"featured_media":0,"comment_status":"open","ping_status":"open","sticky":false,"template":"","format":"standard","meta":{"footnotes":""},"categories":[30,14],"tags":[193],"class_list":["post-23058","post","type-post","status-publish","format-standard","hentry","category-media","category-torino","tag-lastampa"],"_links":{"self":[{"href":"https:\/\/www.pasteris.it\/blog\/wp-json\/wp\/v2\/posts\/23058","targetHints":{"allow":["GET"]}}],"collection":[{"href":"https:\/\/www.pasteris.it\/blog\/wp-json\/wp\/v2\/posts"}],"about":[{"href":"https:\/\/www.pasteris.it\/blog\/wp-json\/wp\/v2\/types\/post"}],"author":[{"embeddable":true,"href":"https:\/\/www.pasteris.it\/blog\/wp-json\/wp\/v2\/users\/3"}],"replies":[{"embeddable":true,"href":"https:\/\/www.pasteris.it\/blog\/wp-json\/wp\/v2\/comments?post=23058"}],"version-history":[{"count":2,"href":"https:\/\/www.pasteris.it\/blog\/wp-json\/wp\/v2\/posts\/23058\/revisions"}],"predecessor-version":[{"id":23060,"href":"https:\/\/www.pasteris.it\/blog\/wp-json\/wp\/v2\/posts\/23058\/revisions\/23060"}],"wp:attachment":[{"href":"https:\/\/www.pasteris.it\/blog\/wp-json\/wp\/v2\/media?parent=23058"}],"wp:term":[{"taxonomy":"category","embeddable":true,"href":"https:\/\/www.pasteris.it\/blog\/wp-json\/wp\/v2\/categories?post=23058"},{"taxonomy":"post_tag","embeddable":true,"href":"https:\/\/www.pasteris.it\/blog\/wp-json\/wp\/v2\/tags?post=23058"}],"curies":[{"name":"wp","href":"https:\/\/api.w.org\/{rel}","templated":true}]}}