{"id":23184,"date":"2010-12-20T06:24:29","date_gmt":"2010-12-20T05:24:29","guid":{"rendered":"http:\/\/www.pasteris.it\/blog\/?p=23184"},"modified":"2010-12-20T01:38:37","modified_gmt":"2010-12-20T00:38:37","slug":"fassino-diciamo-qualcosa-di-sinistra","status":"publish","type":"post","link":"https:\/\/www.pasteris.it\/blog\/2010\/12\/20\/fassino-diciamo-qualcosa-di-sinistra\/","title":{"rendered":"Fassino: diciamo qualcosa di sinistra"},"content":{"rendered":"<p>Dopo la <a href=\"http:\/\/www3.lastampa.it\/torino\/sezioni\/politica\/articolo\/lstp\/380584\/\">prima intervista concessa da Fassino sul futuro di\u00a0 Torino<\/a> dopo la sua autocandidatura a sindaco <a href=\"http:\/\/www.youtube.com\/watch?v=zmjmVHy-UMY\">ritorna in mente un classico\u00a0 di Nanni Moretti<\/a><\/p>\n<blockquote><p>Andiamo a vedere le cose. Ieri mattina davanti a Mirafiori la Fiom e  le forze della sinistra hanno protestato contro Marchionne. Piero  Fassino con chi sta? \u00abChi si candida a sindaco non pu\u00f2 essere un  tifoso. Il compito di un sindaco \u00e8 creare le condizioni per evitare  l\u2019incomunicabilit\u00e0 tra le parti e favorire percorsi che rendano  possibili le intese. A Mirafiori gli spazi ci sono. Negli anni passati,  proprio nel torinese, sono state inventate e sperimentate forme di  organizzazione del lavoro per salvaguardare il tessile o il  siderurgico\u00bb.<\/p>\n<p>Che cosa vuol dire sperimentare?<br \/>\n\u00abI  diritti fondamentali devono essere salvaguardati, ma ogni condizione  acquisita non \u00e8 di per s\u00e9 un diritto. Un lavoro che non metta a rischio  la salute \u00e8 un diritto mentre un diverso regime dei turni, delle pause o  della mensa \u00e8 una condizione di fatto che pu\u00f2 variare\u00bb.<br \/>\n<!--more--><br \/>\nSei  anni fa gli enti locali hanno garantito il riutilizzo di un\u2019area di  Mirafiori. Se fosse necessario \u00e8 pronto a ripetere quell\u2019operazione?<br \/>\n\u00abCertamente. Anzi dovremo continuare a riqualificare le aree  industriali dismesse, cos\u00ec come fatto nel corso di questi anni, sia dal  punto di vista urbanistico sia per le opportunit\u00e0 di rilocalizzazione  produttiva avviate in collaborazione con il Politecnico e l\u2019Universit\u00e0\u00bb.<\/p>\n<p>In questi anni la leva urbanistica \u00e8 servita al Comune anche  per fare cassa. Come affronter\u00e0 il tema dell\u2019indebitamento della citt\u00e0?<br \/>\n\u00abIl debito nasce anche dai tagli del ministro Tremonti che hanno  costretto la citt\u00e0 a farsi carico di investimenti cui lo Stato avrebbe  dovuto contribuire come nel caso del completamento della metropolitana. A  livello locale credo si possano percorrere nuove strade a partire dalla  valorizzazione dell\u2019ampio patrimonio che la citt\u00e0 ha nelle sue  municipalizzate\u00bb.<\/p>\n<p>Dunque: vendere parte delle azioni per fare cassa?<br \/>\n\u00abLa questione deve essere affrontata in modo pragmatico, senza  ideologia. Le quote di propriet\u00e0 devono essere detenute in funzione  degli obiettivi di governance municipale. Ci\u00f2 che pu\u00f2 essere alienato  senza compromettere la governance si pu\u00f2 fare\u00bb.<\/p>\n<p>Anche per quanto riguarda l\u2019acqua?<br \/>\n\u00abCredo  che si possa partire dalle altre municipalizzate. In ogni caso un  comune pu\u00f2 ben rinunciare ad una parte delle proprie azioni se questo  serve a ridurre l\u2019indebitamento, a finanziare investimenti e a garantire  asili, assistenza domiciliare e servizi per le famiglie\u00bb.<\/p><\/blockquote>\n<p>Nel frrattempo <a href=\"http:\/\/www.repubblica.it\/politica\/2010\/12\/19\/news\/vendola_-_parla-10387851\/?ref=HREC1-2\">Dalema punta a disattivare le primarie dopo la sferzata di Vendola<\/a><\/p>\n","protected":false},"excerpt":{"rendered":"<p>Dopo la prima intervista concessa da Fassino sul futuro di\u00a0 Torino dopo la sua autocandidatura a sindaco ritorna in mente un classico\u00a0 di Nanni Moretti Andiamo a vedere le cose. Ieri mattina davanti a Mirafiori la Fiom e le forze della sinistra hanno protestato contro Marchionne. Piero Fassino con chi sta? \u00abChi si candida a &#8230; <a title=\"Fassino: diciamo qualcosa di sinistra\" class=\"read-more\" href=\"https:\/\/www.pasteris.it\/blog\/2010\/12\/20\/fassino-diciamo-qualcosa-di-sinistra\/\" aria-label=\"Per saperne di pi\u00f9 su Fassino: diciamo qualcosa di sinistra\">Leggi tutto<\/a><\/p>\n","protected":false},"author":3,"featured_media":0,"comment_status":"open","ping_status":"open","sticky":false,"template":"","format":"standard","meta":{"footnotes":""},"categories":[32,14],"tags":[2160],"class_list":["post-23184","post","type-post","status-publish","format-standard","hentry","category-pensieri","category-torino","tag-torino"],"_links":{"self":[{"href":"https:\/\/www.pasteris.it\/blog\/wp-json\/wp\/v2\/posts\/23184","targetHints":{"allow":["GET"]}}],"collection":[{"href":"https:\/\/www.pasteris.it\/blog\/wp-json\/wp\/v2\/posts"}],"about":[{"href":"https:\/\/www.pasteris.it\/blog\/wp-json\/wp\/v2\/types\/post"}],"author":[{"embeddable":true,"href":"https:\/\/www.pasteris.it\/blog\/wp-json\/wp\/v2\/users\/3"}],"replies":[{"embeddable":true,"href":"https:\/\/www.pasteris.it\/blog\/wp-json\/wp\/v2\/comments?post=23184"}],"version-history":[{"count":1,"href":"https:\/\/www.pasteris.it\/blog\/wp-json\/wp\/v2\/posts\/23184\/revisions"}],"predecessor-version":[{"id":23185,"href":"https:\/\/www.pasteris.it\/blog\/wp-json\/wp\/v2\/posts\/23184\/revisions\/23185"}],"wp:attachment":[{"href":"https:\/\/www.pasteris.it\/blog\/wp-json\/wp\/v2\/media?parent=23184"}],"wp:term":[{"taxonomy":"category","embeddable":true,"href":"https:\/\/www.pasteris.it\/blog\/wp-json\/wp\/v2\/categories?post=23184"},{"taxonomy":"post_tag","embeddable":true,"href":"https:\/\/www.pasteris.it\/blog\/wp-json\/wp\/v2\/tags?post=23184"}],"curies":[{"name":"wp","href":"https:\/\/api.w.org\/{rel}","templated":true}]}}