{"id":23356,"date":"2010-12-25T11:23:55","date_gmt":"2010-12-25T10:23:55","guid":{"rendered":"http:\/\/www.pasteris.it\/blog\/?p=23356"},"modified":"2010-12-25T11:28:41","modified_gmt":"2010-12-25T10:28:41","slug":"julian-assange-uomo-dell%e2%80%99anno-le-monde","status":"publish","type":"post","link":"https:\/\/www.pasteris.it\/blog\/2010\/12\/25\/julian-assange-uomo-dell%e2%80%99anno-le-monde\/","title":{"rendered":"Julian Assange uomo dell\u2019anno Le Monde"},"content":{"rendered":"<p>Julian Assange, le co-fondateur de WikiLeaks, <a href=\"http:\/\/www.lemonde.fr\/documents-wikileaks\/article\/2010\/12\/24\/julian-assange-homme-de-l-annee-pour-le-monde_1456426_1446239.html#ens_id=1450400\">a \u00e9t\u00e9 d\u00e9sign\u00e9 par Le Monde homme de l&#8217;ann\u00e9e 2010<\/a>. Sylvie Kauffmann, directrice de la r\u00e9daction, explique ce choix :<br \/>\n<object width=\"480\" height=\"285\"><param name=\"movie\" value=\"http:\/\/dailymotion.virgilio.it\/swf\/video\/xg9jyd?additionalInfos=0\"><\/param><param name=\"allowFullScreen\" value=\"true\"><\/param><param name=\"allowScriptAccess\" value=\"always\"><\/param><embed type=\"application\/x-shockwave-flash\" src=\"http:\/\/dailymotion.virgilio.it\/swf\/video\/xg9jyd?additionalInfos=0\" width=\"480\" height=\"285\" allowfullscreen=\"true\" allowscriptaccess=\"always\"><\/embed><\/object><br \/><b><a href=\"http:\/\/dailymotion.virgilio.it\/video\/xg9jyd_pourquoi-nous-avons-choisi-julian-assange_news\">&quot;Pourquoi nous avons choisi Julian Assange&quot;<\/a><\/b><br \/><i>Caricato da <a href=\"http:\/\/dailymotion.virgilio.it\/lemondefr\">lemondefr<\/a>. &#8211; <a target=\"_self\" href=\"http:\/\/dailymotion.virgilio.it\/it\/channel\/news\">Video notizie in tempo reale<\/a><\/i><\/p>\n","protected":false},"excerpt":{"rendered":"<p>Julian Assange, le co-fondateur de WikiLeaks, a \u00e9t\u00e9 d\u00e9sign\u00e9 par Le Monde homme de l&#8217;ann\u00e9e 2010. Sylvie Kauffmann, directrice de la r\u00e9daction, explique ce choix : &quot;Pourquoi nous avons choisi Julian Assange&quot;Caricato da lemondefr. &#8211; Video notizie in tempo reale<\/p>\n","protected":false},"author":3,"featured_media":0,"comment_status":"open","ping_status":"open","sticky":false,"template":"","format":"standard","meta":{"footnotes":""},"categories":[6,31],"tags":[676,1334],"class_list":["post-23356","post","type-post","status-publish","format-standard","hentry","category-internet","category-mondo","tag-le-monde","tag-wikileaks"],"_links":{"self":[{"href":"https:\/\/www.pasteris.it\/blog\/wp-json\/wp\/v2\/posts\/23356","targetHints":{"allow":["GET"]}}],"collection":[{"href":"https:\/\/www.pasteris.it\/blog\/wp-json\/wp\/v2\/posts"}],"about":[{"href":"https:\/\/www.pasteris.it\/blog\/wp-json\/wp\/v2\/types\/post"}],"author":[{"embeddable":true,"href":"https:\/\/www.pasteris.it\/blog\/wp-json\/wp\/v2\/users\/3"}],"replies":[{"embeddable":true,"href":"https:\/\/www.pasteris.it\/blog\/wp-json\/wp\/v2\/comments?post=23356"}],"version-history":[{"count":3,"href":"https:\/\/www.pasteris.it\/blog\/wp-json\/wp\/v2\/posts\/23356\/revisions"}],"predecessor-version":[{"id":23363,"href":"https:\/\/www.pasteris.it\/blog\/wp-json\/wp\/v2\/posts\/23356\/revisions\/23363"}],"wp:attachment":[{"href":"https:\/\/www.pasteris.it\/blog\/wp-json\/wp\/v2\/media?parent=23356"}],"wp:term":[{"taxonomy":"category","embeddable":true,"href":"https:\/\/www.pasteris.it\/blog\/wp-json\/wp\/v2\/categories?post=23356"},{"taxonomy":"post_tag","embeddable":true,"href":"https:\/\/www.pasteris.it\/blog\/wp-json\/wp\/v2\/tags?post=23356"}],"curies":[{"name":"wp","href":"https:\/\/api.w.org\/{rel}","templated":true}]}}