{"id":23727,"date":"2011-01-11T22:27:20","date_gmt":"2011-01-11T21:27:20","guid":{"rendered":"http:\/\/www.pasteris.it\/blog\/?p=23727"},"modified":"2011-01-11T21:48:15","modified_gmt":"2011-01-11T20:48:15","slug":"una-lettera-da-un-gruppo-di-italiani-allestero-sul-caso-di-mirafiori","status":"publish","type":"post","link":"https:\/\/www.pasteris.it\/blog\/2011\/01\/11\/una-lettera-da-un-gruppo-di-italiani-allestero-sul-caso-di-mirafiori\/","title":{"rendered":"Una lettera da un gruppo di italiani all&#8217;estero sul caso di Mirafiori"},"content":{"rendered":"<p><a href=\"http:\/\/www.indipedia.it\/rassegna-blog\/il-ricatto-di-marchionne\">Via Indipedia<\/a><\/p>\n<blockquote><p>&#8220;Siamo un gruppo di italiani sotto i 40 anni che vivono e lavorano all\u2019estero,   ma che continuano ad avere contatti diretti con l&#8217;Italia a cui ci   legano affetto e nostalgia, accompagnati dalla rabbia di vederlo in   costante declino.<br \/>\nNessuno  di noi si \u00e8 finora impegnato direttamente  in politica, pur essendo  simpatizzanti per la sinistra nel suo  significato pi\u00f9 ampio, ma ci\u00f2 che  sta succedendo non pu\u00f2 lasciarci  indifferenti. Per questo abbiamo  deciso di manifestare le nostre  preoccupazioni su alcuni temi  importanti:<br \/>\n&#8211; il ricatto di Marchionne un contratto imposto e non negoziato<br \/>\n&#8211; la convocazione di un referendum somigliante ai plebisciti del Ventennio in cui l\u2019unica scelta \u00e8 tra disoccupazione e condizioni imposte dal padrone<br \/>\n&#8211; la deroga a diritti costituzionali riconosciuti attraverso la stipula di contratti privati<br \/>\n&#8211;   la rinuncia al contratto collettivo nazionale nel silenzio di   Confindustria e di gran parte dei sindacati (che a priori avrebbero   dovuto rifiutarsi di firmare un contratto diverso da quello nazionale   per gli operai di Mirafiori)<br \/>\n&#8211; l\u2019esclusione del pi\u00f9 grande sindacato metalmeccanico dalla rappresentazione sindacale.br&gt;Consideriamo tutto ci\u00f2 molto grave.<\/p>\n<p>Lo   troviamo ancor meno accettabile in un periodo di crisi economica e   rigettiamo il tentativo di far pagare ai lavoratori i costi del fallimento del neo-liberismo.   Ci stupiamo di fronte al silenzio imbarazzante di gran parte   dell\u2019opposizione, soprattutto quella parlamentare, e pensiamo che sia il   momento di schierarsi nettamente. La FIOM non difende  solamente i lavoratori di Mirafiori, difende la  Costituzione, la  democrazia, la libert\u00e0 di scelta. Difende, in  sostanza, la possibilit\u00e0  di un futuro per il nostro Paese, che ci  sembra sempre pi\u00f9 lontano.  Schierarsi oggi dalla parte dei diritti dei  lavoratori vuol dire  difendere un modello sociale basato non solo su solidariet\u00e0 e uguaglianza &#8211; concetti che sarebbe ridicolo definire datati &#8211; ma anche su una pi\u00f9   equa distribuzione del reddito, cos\u00ec da evitare crisi di   sovrapproduzione e bolle speculative. Significa rigettare lo   sfruttamento intensivo della forza lavoro, tipico dei paesi in via di   sviluppo e non certo delle economie avanzate. Non sono riformisti coloro   che vogliono riportare indietro le lancette della storia, ma reazionari.   Non sono eroi quelli che, fomentando una guerra tra poveri, ci portano   sulla strada del sottosviluppo. Non sono innovatori coloro che, invece   di puntare sulla ricerca e l\u2019investimento in capitale umano, cercano   semplicemente di abbattere i costi col dumping sociale.<\/p><\/blockquote>\n","protected":false},"excerpt":{"rendered":"<p>Via Indipedia &#8220;Siamo un gruppo di italiani sotto i 40 anni che vivono e lavorano all\u2019estero, ma che continuano ad avere contatti diretti con l&#8217;Italia a cui ci legano affetto e nostalgia, accompagnati dalla rabbia di vederlo in costante declino. Nessuno di noi si \u00e8 finora impegnato direttamente in politica, pur essendo simpatizzanti per la &#8230; <a title=\"Una lettera da un gruppo di italiani all&#8217;estero sul caso di Mirafiori\" class=\"read-more\" href=\"https:\/\/www.pasteris.it\/blog\/2011\/01\/11\/una-lettera-da-un-gruppo-di-italiani-allestero-sul-caso-di-mirafiori\/\" aria-label=\"Per saperne di pi\u00f9 su Una lettera da un gruppo di italiani all&#8217;estero sul caso di Mirafiori\">Leggi tutto<\/a><\/p>\n","protected":false},"author":3,"featured_media":0,"comment_status":"open","ping_status":"open","sticky":false,"template":"","format":"standard","meta":{"footnotes":""},"categories":[11,14],"tags":[131,426,2160],"class_list":["post-23727","post","type-post","status-publish","format-standard","hentry","category-diritti","category-torino","tag-fiat","tag-lavoro","tag-torino"],"_links":{"self":[{"href":"https:\/\/www.pasteris.it\/blog\/wp-json\/wp\/v2\/posts\/23727","targetHints":{"allow":["GET"]}}],"collection":[{"href":"https:\/\/www.pasteris.it\/blog\/wp-json\/wp\/v2\/posts"}],"about":[{"href":"https:\/\/www.pasteris.it\/blog\/wp-json\/wp\/v2\/types\/post"}],"author":[{"embeddable":true,"href":"https:\/\/www.pasteris.it\/blog\/wp-json\/wp\/v2\/users\/3"}],"replies":[{"embeddable":true,"href":"https:\/\/www.pasteris.it\/blog\/wp-json\/wp\/v2\/comments?post=23727"}],"version-history":[{"count":1,"href":"https:\/\/www.pasteris.it\/blog\/wp-json\/wp\/v2\/posts\/23727\/revisions"}],"predecessor-version":[{"id":23728,"href":"https:\/\/www.pasteris.it\/blog\/wp-json\/wp\/v2\/posts\/23727\/revisions\/23728"}],"wp:attachment":[{"href":"https:\/\/www.pasteris.it\/blog\/wp-json\/wp\/v2\/media?parent=23727"}],"wp:term":[{"taxonomy":"category","embeddable":true,"href":"https:\/\/www.pasteris.it\/blog\/wp-json\/wp\/v2\/categories?post=23727"},{"taxonomy":"post_tag","embeddable":true,"href":"https:\/\/www.pasteris.it\/blog\/wp-json\/wp\/v2\/tags?post=23727"}],"curies":[{"name":"wp","href":"https:\/\/api.w.org\/{rel}","templated":true}]}}