{"id":2379,"date":"2007-10-17T06:07:57","date_gmt":"2007-10-17T04:07:57","guid":{"rendered":"http:\/\/www.pasteris.it\/blog\/2007\/10\/17\/ad-arezzo-il-convegno-2007-di-anso\/"},"modified":"2007-10-17T06:13:54","modified_gmt":"2007-10-17T04:13:54","slug":"ad-arezzo-il-convegno-2007-di-anso","status":"publish","type":"post","link":"https:\/\/www.pasteris.it\/blog\/2007\/10\/17\/ad-arezzo-il-convegno-2007-di-anso\/","title":{"rendered":"Ad Arezzo il convegno 2007 di Anso"},"content":{"rendered":"<p><img loading=\"lazy\" decoding=\"async\" src=\"http:\/\/pic.viveresenigallia.it\/m\/0610\/anso.jpg\" align=\"right\" height=\"100\" width=\"150\" \/>L&#8217;assemblea 2007 dell&#8217;<a href=\"http:\/\/www.anso.it\">Associazione Nazionale Stampa Online<\/a> si terr\u00e0  il 19-20-21 ottobre a Sansepolcro vicino ad Arezzo, la citt\u00e0 di Piero della Francesca. Il 2007 per l&#8217;Associazione \u00e8 stato un anno segnato dall&#8217;apertura verso la multimedialit\u00e0, prima con un seminario dedicato all&#8217;editing video, quindi con la partenza del progetto <a href=\"http:\/\/www.tgnews.it\/\">tgnews.it<\/a>.<br \/>\nI lavori dell&#8217;assemblea si apriranno con un convegno, aperto al pubblico, che si terr\u00e0 il 19 ottobre presso l&#8217;<a href=\"http:\/\/www.borgopalace.it\">Hotel Borgo Palace<\/a>. Quest&#8217;anno il titolo del convegno sar\u00e0: Informazione online: la multimedialit\u00e0 come prossima frontiera &#8211; Tra podcast e web-tv, nuovi strumenti al servizio della stampa online.&#8221;<\/p>\n","protected":false},"excerpt":{"rendered":"<p>L&#8217;assemblea 2007 dell&#8217;Associazione Nazionale Stampa Online si terr\u00e0 il 19-20-21 ottobre a Sansepolcro vicino ad Arezzo, la citt\u00e0 di Piero della Francesca. Il 2007 per l&#8217;Associazione \u00e8 stato un anno segnato dall&#8217;apertura verso la multimedialit\u00e0, prima con un seminario dedicato all&#8217;editing video, quindi con la partenza del progetto tgnews.it. I lavori dell&#8217;assemblea si apriranno con &#8230; <a title=\"Ad Arezzo il convegno 2007 di Anso\" class=\"read-more\" href=\"https:\/\/www.pasteris.it\/blog\/2007\/10\/17\/ad-arezzo-il-convegno-2007-di-anso\/\" aria-label=\"Per saperne di pi\u00f9 su Ad Arezzo il convegno 2007 di Anso\">Leggi tutto<\/a><\/p>\n","protected":false},"author":4,"featured_media":0,"comment_status":"open","ping_status":"open","sticky":false,"template":"","format":"standard","meta":{"footnotes":""},"categories":[],"tags":[415,176,2168,2159,354,363],"class_list":["post-2379","post","type-post","status-publish","format-standard","hentry","tag-arte","tag-informazione","tag-media","tag-multimedia","tag-video","tag-web"],"_links":{"self":[{"href":"https:\/\/www.pasteris.it\/blog\/wp-json\/wp\/v2\/posts\/2379","targetHints":{"allow":["GET"]}}],"collection":[{"href":"https:\/\/www.pasteris.it\/blog\/wp-json\/wp\/v2\/posts"}],"about":[{"href":"https:\/\/www.pasteris.it\/blog\/wp-json\/wp\/v2\/types\/post"}],"author":[{"embeddable":true,"href":"https:\/\/www.pasteris.it\/blog\/wp-json\/wp\/v2\/users\/4"}],"replies":[{"embeddable":true,"href":"https:\/\/www.pasteris.it\/blog\/wp-json\/wp\/v2\/comments?post=2379"}],"version-history":[{"count":0,"href":"https:\/\/www.pasteris.it\/blog\/wp-json\/wp\/v2\/posts\/2379\/revisions"}],"wp:attachment":[{"href":"https:\/\/www.pasteris.it\/blog\/wp-json\/wp\/v2\/media?parent=2379"}],"wp:term":[{"taxonomy":"category","embeddable":true,"href":"https:\/\/www.pasteris.it\/blog\/wp-json\/wp\/v2\/categories?post=2379"},{"taxonomy":"post_tag","embeddable":true,"href":"https:\/\/www.pasteris.it\/blog\/wp-json\/wp\/v2\/tags?post=2379"}],"curies":[{"name":"wp","href":"https:\/\/api.w.org\/{rel}","templated":true}]}}