{"id":23860,"date":"2011-01-17T13:21:52","date_gmt":"2011-01-17T12:21:52","guid":{"rendered":"http:\/\/www.pasteris.it\/blog\/?p=23860"},"modified":"2011-01-17T13:21:52","modified_gmt":"2011-01-17T12:21:52","slug":"la-scure-degli-editori-si-abbatte-sui-freelance-e-sulla-legalita","status":"publish","type":"post","link":"https:\/\/www.pasteris.it\/blog\/2011\/01\/17\/la-scure-degli-editori-si-abbatte-sui-freelance-e-sulla-legalita\/","title":{"rendered":"La scure degli editori si abbatte sui freelance e sulla legalit\u00e0"},"content":{"rendered":"<p>Documento della commissione lavoro autonomo per il congresso Fnsi <a href=\"http:\/\/www.refusi.it\/fnsi\/documento-della-commissione-lavoro-autonomo-per-il-xxvi-congresso-fnsi\/\">Via Refusi<\/a>: <\/p>\n<blockquote><p>Oggi in Italia essere giornalisti freelance non \u00e8 quasi mai una libera scelta, e spesso \u00e8 solo una costrizione, a causa di condizioni di mercato che raramente offrono la possibilit\u00e0 di assunzioni o prospettive di stabilit\u00e0 e a volte spingono all\u2019apertura \u2013 controvoglia \u2013 di una partita IVA.<\/p>\n<p>Molti  freelance non cercano necessariamente il posto fisso, ma tutti chiedono che sia garantita anche a loro la possibilit\u00e0 di vivere decorosamente con il proprio lavoro, condizione che si verifica in percentuali assai pi\u00f9 elevate fra i liberi professionisti di altri settori e Ordini. Ma troppo spesso il termine \u201cfreelance\u201d, in Italia, \u00e8 solo un eufemismo elegante per definire un lavoratore sottopagato e senza diritti, quello che in altri settori \u2013 soprattutto del lavoro intellettuale \u2013 viene comunemente definito \u201cprecario\u201d.<\/p>\n<p>Oggi bisogna tornare a portare in primo piano i problemi della libert\u00e0 e della qualit\u00e0 dell\u2019informazione. Il che significa ridare valore e dignit\u00e0 al lavoro giornalistico, a partire da quello dei freelance e dei precari. Puntando sul merito, sull\u2019autonomia di coscienza e di giudizio, sulle competenze e sulle capacit\u00e0, che hanno un costo e devono contare su diritti certi e prospettive chiare. Sia che si lavori dentro o fuori dalle redazioni.<\/p>\n<p>Negli ultimi mesi la volont\u00e0 degli editori di ridurre i costi, aumentare i profitti e la crisi economica hanno portato la situazione del lavoro precario a livelli ormai insostenibili. Dopo anni di mancanza di tutele e certezze per il futuro, spesso nell\u2019illusione di un posto fisso (che per la maggioranza, in un mercato sempre pi\u00f9 flessibile, non arriver\u00e0 mai), i freelance stanno ora assistendo a una rapida riduzione delle loro collaborazioni e dei compensi, quasi sempre gi\u00e0 al di sotto dei livelli minimi di decoro ed accettabilit\u00e0<\/p><\/blockquote>\n","protected":false},"excerpt":{"rendered":"<p>Documento della commissione lavoro autonomo per il congresso Fnsi Via Refusi: Oggi in Italia essere giornalisti freelance non \u00e8 quasi mai una libera scelta, e spesso \u00e8 solo una costrizione, a causa di condizioni di mercato che raramente offrono la possibilit\u00e0 di assunzioni o prospettive di stabilit\u00e0 e a volte spingono all\u2019apertura \u2013 controvoglia \u2013 &#8230; <a title=\"La scure degli editori si abbatte sui freelance e sulla legalit\u00e0\" class=\"read-more\" href=\"https:\/\/www.pasteris.it\/blog\/2011\/01\/17\/la-scure-degli-editori-si-abbatte-sui-freelance-e-sulla-legalita\/\" aria-label=\"Per saperne di pi\u00f9 su La scure degli editori si abbatte sui freelance e sulla legalit\u00e0\">Leggi tutto<\/a><\/p>\n","protected":false},"author":3,"featured_media":0,"comment_status":"open","ping_status":"open","sticky":false,"template":"","format":"standard","meta":{"footnotes":""},"categories":[11,30],"tags":[140,161,690,426],"class_list":["post-23860","post","type-post","status-publish","format-standard","hentry","category-diritti","category-media","tag-fnsi","tag-giornalisti","tag-giustizia","tag-lavoro"],"_links":{"self":[{"href":"https:\/\/www.pasteris.it\/blog\/wp-json\/wp\/v2\/posts\/23860","targetHints":{"allow":["GET"]}}],"collection":[{"href":"https:\/\/www.pasteris.it\/blog\/wp-json\/wp\/v2\/posts"}],"about":[{"href":"https:\/\/www.pasteris.it\/blog\/wp-json\/wp\/v2\/types\/post"}],"author":[{"embeddable":true,"href":"https:\/\/www.pasteris.it\/blog\/wp-json\/wp\/v2\/users\/3"}],"replies":[{"embeddable":true,"href":"https:\/\/www.pasteris.it\/blog\/wp-json\/wp\/v2\/comments?post=23860"}],"version-history":[{"count":1,"href":"https:\/\/www.pasteris.it\/blog\/wp-json\/wp\/v2\/posts\/23860\/revisions"}],"predecessor-version":[{"id":23861,"href":"https:\/\/www.pasteris.it\/blog\/wp-json\/wp\/v2\/posts\/23860\/revisions\/23861"}],"wp:attachment":[{"href":"https:\/\/www.pasteris.it\/blog\/wp-json\/wp\/v2\/media?parent=23860"}],"wp:term":[{"taxonomy":"category","embeddable":true,"href":"https:\/\/www.pasteris.it\/blog\/wp-json\/wp\/v2\/categories?post=23860"},{"taxonomy":"post_tag","embeddable":true,"href":"https:\/\/www.pasteris.it\/blog\/wp-json\/wp\/v2\/tags?post=23860"}],"curies":[{"name":"wp","href":"https:\/\/api.w.org\/{rel}","templated":true}]}}