{"id":23864,"date":"2011-01-17T17:11:18","date_gmt":"2011-01-17T16:11:18","guid":{"rendered":"http:\/\/www.pasteris.it\/blog\/?p=23864"},"modified":"2011-01-17T17:11:18","modified_gmt":"2011-01-17T16:11:18","slug":"vittime-del-digitale-gli-elenchi-telefonici","status":"publish","type":"post","link":"https:\/\/www.pasteris.it\/blog\/2011\/01\/17\/vittime-del-digitale-gli-elenchi-telefonici\/","title":{"rendered":"Vittime del digitale: gli elenchi telefonici"},"content":{"rendered":"<p><a href=\"http:\/\/marcobardazzi.com\/blog8\/2011\/01\/17\/gli-elenchi-del-telefono\/\">Via Marco Bardazzi<\/a><\/p>\n<blockquote><p><img decoding=\"async\" class=\"alignright\" src=\"http:\/\/t1.gstatic.com\/images?q=tbn:75MJMXrjJlO7EM:http:\/\/www.cellulare-magazine.it\/img\/foto\/1198703085_telefono.JPG&amp;t=1\" alt=\"\" \/>Nel  palazzo dove abito sono arrivati, come ogni anno, gli elenchi del  telefono. Ho visto la pila di giganteschi volumi nell&#8217;androne, pagine  bianche e pagine gialle, e non ho potuto fare a meno di pensare: &#8220;Ma chi  li usa pi\u00f9?&#8221;.<\/p>\n<p>Passano gli inquilini, ma la pila non diminuisce: nel fine settimana  mi sembra che nessuno abbia preso la propria copia gratuita degli  elenchi. Un bambino ha chiesto al padre, aspettando l&#8217;ascensore: &#8220;Pap\u00e0,  quelli che sono?&#8221;. Non aveva mai visto un elenco del telefono.<\/p>\n<p>Un tempo l&#8217;elenco era un punto di riferimento della casa. Stava di  solito in un cassetto o in uno scaffale sotto l&#8217;oggetto con cui viveva  in simbiosi: il telefono. Oggi nelle case il telefono, nella migliore  delle ipotesi, \u00e8 un cordless che non si sa mai dove \u00e8 finito. Ma cresce  il numero delle famiglie che il numero fisso non lo hanno pi\u00f9, usano  solo il cellulare. Quindi, a che serve l&#8217;elenco del telefono?<\/p>\n<p>Non ricordo l&#8217;ultima volta in cui l&#8217;ho usato. Se vado su <a href=\"http:\/\/www.paginebianche.it\/index.html\">PagineBianche.it<\/a> o <a href=\"http:\/\/www.paginegialle.it\/\">PagineGialle.it<\/a>,  faccio assai pi\u00f9 in fretta che non sfogliando il librone (peraltro  diventato troppo ingombrante nelle nostre case). Le mie figlie, poi, gli  &#8220;elenchi del telefono&#8221; li hanno sulla rubrica del cellulare e nella  lista degli amici su Facebook. Del librone non sanno che farsene.<\/p><\/blockquote>\n","protected":false},"excerpt":{"rendered":"<p>Via Marco Bardazzi Nel palazzo dove abito sono arrivati, come ogni anno, gli elenchi del telefono. Ho visto la pila di giganteschi volumi nell&#8217;androne, pagine bianche e pagine gialle, e non ho potuto fare a meno di pensare: &#8220;Ma chi li usa pi\u00f9?&#8221;. Passano gli inquilini, ma la pila non diminuisce: nel fine settimana mi &#8230; <a title=\"Vittime del digitale: gli elenchi telefonici\" class=\"read-more\" href=\"https:\/\/www.pasteris.it\/blog\/2011\/01\/17\/vittime-del-digitale-gli-elenchi-telefonici\/\" aria-label=\"Per saperne di pi\u00f9 su Vittime del digitale: gli elenchi telefonici\">Leggi tutto<\/a><\/p>\n","protected":false},"author":3,"featured_media":0,"comment_status":"open","ping_status":"open","sticky":false,"template":"","format":"standard","meta":{"footnotes":""},"categories":[33,6],"tags":[1162,116,331],"class_list":["post-23864","post","type-post","status-publish","format-standard","hentry","category-computer","category-internet","tag-bardazzi","tag-digitale","tag-telefono"],"_links":{"self":[{"href":"https:\/\/www.pasteris.it\/blog\/wp-json\/wp\/v2\/posts\/23864","targetHints":{"allow":["GET"]}}],"collection":[{"href":"https:\/\/www.pasteris.it\/blog\/wp-json\/wp\/v2\/posts"}],"about":[{"href":"https:\/\/www.pasteris.it\/blog\/wp-json\/wp\/v2\/types\/post"}],"author":[{"embeddable":true,"href":"https:\/\/www.pasteris.it\/blog\/wp-json\/wp\/v2\/users\/3"}],"replies":[{"embeddable":true,"href":"https:\/\/www.pasteris.it\/blog\/wp-json\/wp\/v2\/comments?post=23864"}],"version-history":[{"count":2,"href":"https:\/\/www.pasteris.it\/blog\/wp-json\/wp\/v2\/posts\/23864\/revisions"}],"predecessor-version":[{"id":23866,"href":"https:\/\/www.pasteris.it\/blog\/wp-json\/wp\/v2\/posts\/23864\/revisions\/23866"}],"wp:attachment":[{"href":"https:\/\/www.pasteris.it\/blog\/wp-json\/wp\/v2\/media?parent=23864"}],"wp:term":[{"taxonomy":"category","embeddable":true,"href":"https:\/\/www.pasteris.it\/blog\/wp-json\/wp\/v2\/categories?post=23864"},{"taxonomy":"post_tag","embeddable":true,"href":"https:\/\/www.pasteris.it\/blog\/wp-json\/wp\/v2\/tags?post=23864"}],"curies":[{"name":"wp","href":"https:\/\/api.w.org\/{rel}","templated":true}]}}