{"id":24040,"date":"2011-01-24T11:13:45","date_gmt":"2011-01-24T10:13:45","guid":{"rendered":"http:\/\/www.pasteris.it\/blog\/?p=24040"},"modified":"2011-01-24T11:50:21","modified_gmt":"2011-01-24T10:50:21","slug":"aldo-busi-vs-marina-berlusconi-temi-principali-mondadori-e-il-conflitto-di-interessi","status":"publish","type":"post","link":"https:\/\/www.pasteris.it\/blog\/2011\/01\/24\/aldo-busi-vs-marina-berlusconi-temi-principali-mondadori-e-il-conflitto-di-interessi\/","title":{"rendered":"Aldo Busi vs Marina Berlusconi, temi principali Mondadori e il conflitto di interessi"},"content":{"rendered":"<p><a href=\"http:\/\/www.dagospia.com\/rubrica-2\/media_e_tv\/articolo-22077.htm\">Via Dagospia<\/a><\/p>\n<blockquote><p>A me pare che ogni dichiarazione di Marina Berlusconi &#8211; che dimentica che Silvio Berlusconi prima di essere il padre di cinque figli \u00e8 il Primo Ministro di sessanta e passa milioni di italiani &#8211; svuoti di senso, e di futuro imprenditoriale, la Mondadori, che secondo me dovrebbe poter andare avanti anche una volta che Berlusconi \u00e8 fuori dalla politica (che ne ha dopato al rialzo tutti gli interessi economici, inutile sottolinearlo) e magari restando nelle mani dello stesso attuale proprietario.<\/p>\n<p>Suggerisco quindi all&#8217;imprenditrice Marina Berlusconi di darsi una calmata ideologica da figlia del proprio e solo suo pap\u00e0 facendo come segue: a Segrate, chiami a raccolta tutti i &#8220;suoi&#8221; autori in un simposio aperto alla stampa e alle televisioni e chieda loro cosa pensano del Primo Ministro e, innanzitutto, quanto sono contenti di avere per referente editoriale un imprenditore della carta stampata che, guarda caso, \u00e8 anche per l&#8217;appunto Primo Ministro.<br \/>\n<!--more--><\/p>\n<p>E&#8217; ora di dare un taglio definitivo al maledetto tormentone indotto dalla malafede altrui: basta col dire che se sei contro il governo da Berlusconi presieduto saresti allo stesso tempo contro l&#8217;editore che ti pubblica, cio\u00e8 un doppiogiochista e uno che sputa nel piatto in cui mangia, una contraddizione vivente, allorch\u00e9 la vera e unica contraddizione vivente \u00e8 un imprenditore, oltretutto dell&#8217;informazione, che \u00e8 anche Primo Ministro.<\/p><\/blockquote>\n","protected":false},"excerpt":{"rendered":"<p>Via Dagospia A me pare che ogni dichiarazione di Marina Berlusconi &#8211; che dimentica che Silvio Berlusconi prima di essere il padre di cinque figli \u00e8 il Primo Ministro di sessanta e passa milioni di italiani &#8211; svuoti di senso, e di futuro imprenditoriale, la Mondadori, che secondo me dovrebbe poter andare avanti anche una &#8230; <a title=\"Aldo Busi vs Marina Berlusconi, temi principali Mondadori e il conflitto di interessi\" class=\"read-more\" href=\"https:\/\/www.pasteris.it\/blog\/2011\/01\/24\/aldo-busi-vs-marina-berlusconi-temi-principali-mondadori-e-il-conflitto-di-interessi\/\" aria-label=\"Per saperne di pi\u00f9 su Aldo Busi vs Marina Berlusconi, temi principali Mondadori e il conflitto di interessi\">Leggi tutto<\/a><\/p>\n","protected":false},"author":3,"featured_media":0,"comment_status":"open","ping_status":"open","sticky":false,"template":"","format":"standard","meta":{"footnotes":""},"categories":[17,1,30],"tags":[69,1545,1430,806],"class_list":["post-24040","post","type-post","status-publish","format-standard","hentry","category-economia","category-politica","category-media","tag-berlusconi","tag-busi","tag-mondadori","tag-saviano"],"_links":{"self":[{"href":"https:\/\/www.pasteris.it\/blog\/wp-json\/wp\/v2\/posts\/24040","targetHints":{"allow":["GET"]}}],"collection":[{"href":"https:\/\/www.pasteris.it\/blog\/wp-json\/wp\/v2\/posts"}],"about":[{"href":"https:\/\/www.pasteris.it\/blog\/wp-json\/wp\/v2\/types\/post"}],"author":[{"embeddable":true,"href":"https:\/\/www.pasteris.it\/blog\/wp-json\/wp\/v2\/users\/3"}],"replies":[{"embeddable":true,"href":"https:\/\/www.pasteris.it\/blog\/wp-json\/wp\/v2\/comments?post=24040"}],"version-history":[{"count":3,"href":"https:\/\/www.pasteris.it\/blog\/wp-json\/wp\/v2\/posts\/24040\/revisions"}],"predecessor-version":[{"id":24042,"href":"https:\/\/www.pasteris.it\/blog\/wp-json\/wp\/v2\/posts\/24040\/revisions\/24042"}],"wp:attachment":[{"href":"https:\/\/www.pasteris.it\/blog\/wp-json\/wp\/v2\/media?parent=24040"}],"wp:term":[{"taxonomy":"category","embeddable":true,"href":"https:\/\/www.pasteris.it\/blog\/wp-json\/wp\/v2\/categories?post=24040"},{"taxonomy":"post_tag","embeddable":true,"href":"https:\/\/www.pasteris.it\/blog\/wp-json\/wp\/v2\/tags?post=24040"}],"curies":[{"name":"wp","href":"https:\/\/api.w.org\/{rel}","templated":true}]}}