{"id":24107,"date":"2011-01-27T20:21:18","date_gmt":"2011-01-27T19:21:18","guid":{"rendered":"http:\/\/www.pasteris.it\/blog\/?p=24107"},"modified":"2011-01-27T20:55:40","modified_gmt":"2011-01-27T19:55:40","slug":"viaggio-al-centro-della-rete-partira-un-treno-carico-di-internet","status":"publish","type":"post","link":"https:\/\/www.pasteris.it\/blog\/2011\/01\/27\/viaggio-al-centro-della-rete-partira-un-treno-carico-di-internet\/","title":{"rendered":"Viaggio al centro della Rete: partir\u00e0 un treno carico di &#8230; Internet"},"content":{"rendered":"<p><a href=\"http:\/\/www.webnews.it\/2011\/01\/27\/viaggio-al-centro-della-rete-sul-frecciarossa\/\">Via Webnews<\/a><\/p>\n<blockquote><p>Mercoled\u00ec 2 febbraio prender\u00e0 il via la <a rel=\"nofollow\" href=\"http:\/\/www.socialmediaweek.it\/\">Social Media Week<\/a>,  il Festival della Rete che avr\u00e0 luogo non solo in Italia, ma anche in  altre importanti citt\u00e0 internazionali quali New York, Hong Kong,  Istanbul, Londra, Parigi ed altre ancora. A supportare il lancio del  particolare evento vi sar\u00e0 anche un\u2019altra iniziativa, denominata \u201cViaggio al centro della rete\u201c,  che permetter\u00e0 ai viaggiatori del Frecciarossa Milano \u2013 Roma di  assistere a quello che viene definito il  \u201cprimo viaggio digitale\u201d.<\/p>\n<div>\n<div><noscript><a target=\"_blank\" href=\"http:\/\/ad.nl.doubleclick.net\/click%3Bh%3Dv8\/3a9c\/3\/0\/%2a\/v%3B235212183%3B0-0%3B0%3B52324847%3B4307-300\/250%3B40335598\/40353385\/1%3B%3B%7Efdr%3D234252229%3B0-0%3B0%3B53271685%3B4307-300\/250%3B38135635\/38153392\/1%3B%3B%7Esscs%3D%3fhttp:\/\/www.teletu.it\/tuttocompreso\/offerte\/tutto-per-te.php?sembox_source=Aegis&#038;sembox_content=tagadvertising\"><img loading=\"lazy\" decoding=\"async\" src=\"http:\/\/s0.2mdn.net\/2845357\/220_teletu_300x250_modem.gif\" width=\"300\" height=\"250\" border=\"0\" alt=\"Advertisement\" galleryimg=\"no\"><\/a><\/noscript><\/div>\n<\/div>\n<p>L\u2019evento \u00e8 organizzato da Ferrovie dello Stato in collaborazione con Social Media Week, ed \u00e8 supportato da Codice Internet. A bordo del treno vi saranno esperti, appassionati e giornalisti che spiegheranno e si confronteranno sulle nuove opportunit\u00e0 che offre oggi Internet.  Un networking fatto in modo innovativo e alla velocit\u00e0 di 300 km\/h, al  quale \u00e8 possibile partecipare gratuitamente, anche se i posti sono  limitati (\u00e8 dunque consigliato <a rel=\"nofollow\" href=\"http:\/\/www.augmendy.it\/SMWregistrazione\/\">registrarsi<\/a> subito, qualora si volesse partecipare).<\/p>\n<p>Il Frecciarossa speciale partir\u00e0 il 2 febbraio alle 9.15 da Milano,  si fermer\u00e0 a Bologna (10.23), Firenze (11.10) ed arriver\u00e0 infine a Roma  (12.45). I nomi dei testimonial non sono ancora stati resi noti, ma Ferrovie dello Stato li diffonder\u00e0 presto per promuovere ulteriormente l\u2019evento.<\/p><\/blockquote>\n","protected":false},"excerpt":{"rendered":"<p>Via Webnews Mercoled\u00ec 2 febbraio prender\u00e0 il via la Social Media Week, il Festival della Rete che avr\u00e0 luogo non solo in Italia, ma anche in altre importanti citt\u00e0 internazionali quali New York, Hong Kong, Istanbul, Londra, Parigi ed altre ancora. A supportare il lancio del particolare evento vi sar\u00e0 anche un\u2019altra iniziativa, denominata \u201cViaggio &#8230; <a title=\"Viaggio al centro della Rete: partir\u00e0 un treno carico di &#8230; Internet\" class=\"read-more\" href=\"https:\/\/www.pasteris.it\/blog\/2011\/01\/27\/viaggio-al-centro-della-rete-partira-un-treno-carico-di-internet\/\" aria-label=\"Per saperne di pi\u00f9 su Viaggio al centro della Rete: partir\u00e0 un treno carico di &#8230; Internet\">Leggi tutto<\/a><\/p>\n","protected":false},"author":3,"featured_media":0,"comment_status":"open","ping_status":"open","sticky":false,"template":"","format":"standard","meta":{"footnotes":""},"categories":[28,6,1,15],"tags":[2155],"class_list":["post-24107","post","type-post","status-publish","format-standard","hentry","category-eventi","category-internet","category-politica","category-mobile","tag-internet"],"_links":{"self":[{"href":"https:\/\/www.pasteris.it\/blog\/wp-json\/wp\/v2\/posts\/24107","targetHints":{"allow":["GET"]}}],"collection":[{"href":"https:\/\/www.pasteris.it\/blog\/wp-json\/wp\/v2\/posts"}],"about":[{"href":"https:\/\/www.pasteris.it\/blog\/wp-json\/wp\/v2\/types\/post"}],"author":[{"embeddable":true,"href":"https:\/\/www.pasteris.it\/blog\/wp-json\/wp\/v2\/users\/3"}],"replies":[{"embeddable":true,"href":"https:\/\/www.pasteris.it\/blog\/wp-json\/wp\/v2\/comments?post=24107"}],"version-history":[{"count":4,"href":"https:\/\/www.pasteris.it\/blog\/wp-json\/wp\/v2\/posts\/24107\/revisions"}],"predecessor-version":[{"id":24110,"href":"https:\/\/www.pasteris.it\/blog\/wp-json\/wp\/v2\/posts\/24107\/revisions\/24110"}],"wp:attachment":[{"href":"https:\/\/www.pasteris.it\/blog\/wp-json\/wp\/v2\/media?parent=24107"}],"wp:term":[{"taxonomy":"category","embeddable":true,"href":"https:\/\/www.pasteris.it\/blog\/wp-json\/wp\/v2\/categories?post=24107"},{"taxonomy":"post_tag","embeddable":true,"href":"https:\/\/www.pasteris.it\/blog\/wp-json\/wp\/v2\/tags?post=24107"}],"curies":[{"name":"wp","href":"https:\/\/api.w.org\/{rel}","templated":true}]}}