{"id":24247,"date":"2011-02-02T23:53:28","date_gmt":"2011-02-02T22:53:28","guid":{"rendered":"http:\/\/www.pasteris.it\/blog\/?p=24247"},"modified":"2011-02-02T23:53:28","modified_gmt":"2011-02-02T22:53:28","slug":"un-del-piero-inguardabile","status":"publish","type":"post","link":"https:\/\/www.pasteris.it\/blog\/2011\/02\/02\/un-del-piero-inguardabile\/","title":{"rendered":"Un Del Piero inguardabile"},"content":{"rendered":"<p><a href=\"http:\/\/www3.lastampa.it\/sport\/sezioni\/quijuve\/articolo\/lstp\/387209\/\">Via Lastampa.it<\/a><\/p>\n<blockquote><p>Il Comune di Torino rifiuta la richiesta di Alessandro Del Piero di avere sette permessi per circolare con le sue auto nella Ztl (Zona a traffico limitato) della citt\u00e0; lui scrive all&#8217;assessore alla viabilit\u00e0 per sostenere le sue ragioni e prende le bacchettate del Sap, il sindacato autonomo di polizia che lo accusa di aver avuto \u00abuna evidente caduta di stile\u00bb.<\/p>\n<p>La storia \u00e8 cominciata con la richiesta del capitano dei bianconeri di avere sette permessi per entrare nella Ztl. Al &#8220;no&#8221; degli uffici, Del Piero si \u00e8 rivolto direttamente all&#8217;assessore Maria Grazia Sestero, spiegando di avere bisogno \u00absempre di un&#8217;auto a disposizione in centro per sfuggire al calore\u00bb dei suoi sostenitori.<\/p>\n<p>L&#8217;assessore, per\u00f2, ha informato l&#8217;intera giunta municipale spiegando che qualsiasi richiesta di questo tipo, anche se di personaggi famosi, non \u00e8 mai stata presa in considerazione, n\u00e8 &#8211; ha aggiunto &#8211; lo sar\u00e0 mai. Il Sap ha rincarato la dose, sostenendo le posizioni del Comune e dell&#8217;assessore che &#8211; a suo parere &#8211; si \u00absono comportati con seriet\u00e0 e sobriet\u00e0, cosa che invece &#8211; ha sostenuto Massimo Montebove, consigliere nazionale del sindacato di Polizia &#8211; non possiamo dire di un campionissimo da tutti noi ammirato e stimato\u00bb.<\/p><\/blockquote>\n","protected":false},"excerpt":{"rendered":"<p>Via Lastampa.it Il Comune di Torino rifiuta la richiesta di Alessandro Del Piero di avere sette permessi per circolare con le sue auto nella Ztl (Zona a traffico limitato) della citt\u00e0; lui scrive all&#8217;assessore alla viabilit\u00e0 per sostenere le sue ragioni e prende le bacchettate del Sap, il sindacato autonomo di polizia che lo accusa &#8230; <a title=\"Un Del Piero inguardabile\" class=\"read-more\" href=\"https:\/\/www.pasteris.it\/blog\/2011\/02\/02\/un-del-piero-inguardabile\/\" aria-label=\"Per saperne di pi\u00f9 su Un Del Piero inguardabile\">Leggi tutto<\/a><\/p>\n","protected":false},"author":3,"featured_media":0,"comment_status":"open","ping_status":"open","sticky":false,"template":"","format":"standard","meta":{"footnotes":""},"categories":[14,9],"tags":[1167],"class_list":["post-24247","post","type-post","status-publish","format-standard","hentry","category-torino","category-sport","tag-juventus"],"_links":{"self":[{"href":"https:\/\/www.pasteris.it\/blog\/wp-json\/wp\/v2\/posts\/24247","targetHints":{"allow":["GET"]}}],"collection":[{"href":"https:\/\/www.pasteris.it\/blog\/wp-json\/wp\/v2\/posts"}],"about":[{"href":"https:\/\/www.pasteris.it\/blog\/wp-json\/wp\/v2\/types\/post"}],"author":[{"embeddable":true,"href":"https:\/\/www.pasteris.it\/blog\/wp-json\/wp\/v2\/users\/3"}],"replies":[{"embeddable":true,"href":"https:\/\/www.pasteris.it\/blog\/wp-json\/wp\/v2\/comments?post=24247"}],"version-history":[{"count":1,"href":"https:\/\/www.pasteris.it\/blog\/wp-json\/wp\/v2\/posts\/24247\/revisions"}],"predecessor-version":[{"id":24248,"href":"https:\/\/www.pasteris.it\/blog\/wp-json\/wp\/v2\/posts\/24247\/revisions\/24248"}],"wp:attachment":[{"href":"https:\/\/www.pasteris.it\/blog\/wp-json\/wp\/v2\/media?parent=24247"}],"wp:term":[{"taxonomy":"category","embeddable":true,"href":"https:\/\/www.pasteris.it\/blog\/wp-json\/wp\/v2\/categories?post=24247"},{"taxonomy":"post_tag","embeddable":true,"href":"https:\/\/www.pasteris.it\/blog\/wp-json\/wp\/v2\/tags?post=24247"}],"curies":[{"name":"wp","href":"https:\/\/api.w.org\/{rel}","templated":true}]}}