{"id":24269,"date":"2011-02-03T23:02:29","date_gmt":"2011-02-03T22:02:29","guid":{"rendered":"http:\/\/www.pasteris.it\/blog\/?p=24269"},"modified":"2011-02-04T00:13:53","modified_gmt":"2011-02-03T23:13:53","slug":"golpe-ministeriale","status":"publish","type":"post","link":"https:\/\/www.pasteris.it\/blog\/2011\/02\/03\/golpe-ministeriale\/","title":{"rendered":"Golpe ministeriale"},"content":{"rendered":"<p><a href=\"http:\/\/www.repubblica.it\/politica\/2011\/02\/03\/news\/federalismo_3_febbraio-12005794\/\">Via Repubblica.it<\/a><\/p>\n<blockquote><p>Finisce 15 pari la votazione nella cosiddetta &#8220;bicameralina&#8221; sul federalismo municipale. Nonostante i tentativi del governo, che ha cercato di scongiurare fino all&#8217;ultimo momento questo risultato modificando il testo pi\u00f9 volte, il risultato finale \u00e8 che il parere formulato dal relatore \u00e8 sostanzialmente respinto. Il governo, per\u00f2, non se ne cura. Convoca in serata un consiglio dei ministri straordinario e approva il provvedimento. &#8220;Finalmente i comuni avranno le risorse senza andarle a chiedere col cappello in mano. I soldi resteranno sul territorio dove sono stati prodotti&#8221; esulta Umberto Bossi. Mentre fonti del governo fanno sapere che il decreto approvato \u00e8 quello con tutte le modifiche frutto del confronto in bicamerale e dell&#8217;intesa con l&#8217;Anci. Ora il decreto dovr\u00e0 passare al vaglio del Quirinale.<br \/>\n<!--more--><br \/>\n&#8220;Una svolta storica&#8221;: cos\u00ec il premier avrebbe definito la riforma secondo chi era presente al Consiglio dei ministri. Berlusconi avrebbe anche posto subito i prossimi obiettivi: allargare la maggioranza e rafforzare la squadra di governo e, al pi\u00f9 presto, la nomina di nuovi sottosegretari.<\/p>\n<p>Furiosa la reazione dell&#8217;opposizione. &#8220;Un inaudito schiaffo al Parlamento, una lesione senza precedenti delle prerogative delle commissioni parlamentari fissate per legge. Un vero atto di arroganza. Il governo Berlusconi-Bossi, dopo tanta propaganda, finisce per approvare con un colpo di mano il federalismo delle tasse&#8221; attacca il segretario del Pd, Pierluigi Bersani.  &#8220;E&#8217;un vero e proprio esproprio eversivo  contro il parere del Parlamento&#8221; afferma in una nota il portavoce dell&#8217;Italia dei Valori, Leoluca Orlando. In precedenza si era fatto sentire anche Gianfranco Fini: &#8220;E&#8217; una situazione senza precedenti. Chi conosce le regole della Bicamerale sa che in caso di pareggio il provvedimento si intende respinto&#8221;.<\/p><\/blockquote>\n","protected":false},"excerpt":{"rendered":"<p>Via Repubblica.it Finisce 15 pari la votazione nella cosiddetta &#8220;bicameralina&#8221; sul federalismo municipale. Nonostante i tentativi del governo, che ha cercato di scongiurare fino all&#8217;ultimo momento questo risultato modificando il testo pi\u00f9 volte, il risultato finale \u00e8 che il parere formulato dal relatore \u00e8 sostanzialmente respinto. Il governo, per\u00f2, non se ne cura. Convoca in &#8230; <a title=\"Golpe ministeriale\" class=\"read-more\" href=\"https:\/\/www.pasteris.it\/blog\/2011\/02\/03\/golpe-ministeriale\/\" aria-label=\"Per saperne di pi\u00f9 su Golpe ministeriale\">Leggi tutto<\/a><\/p>\n","protected":false},"author":3,"featured_media":0,"comment_status":"open","ping_status":"open","sticky":false,"template":"","format":"standard","meta":{"footnotes":""},"categories":[11,1,32],"tags":[1553,85,1554],"class_list":["post-24269","post","type-post","status-publish","format-standard","hentry","category-diritti","category-politica","category-pensieri","tag-belrusconi","tag-bossi","tag-federalismo"],"_links":{"self":[{"href":"https:\/\/www.pasteris.it\/blog\/wp-json\/wp\/v2\/posts\/24269","targetHints":{"allow":["GET"]}}],"collection":[{"href":"https:\/\/www.pasteris.it\/blog\/wp-json\/wp\/v2\/posts"}],"about":[{"href":"https:\/\/www.pasteris.it\/blog\/wp-json\/wp\/v2\/types\/post"}],"author":[{"embeddable":true,"href":"https:\/\/www.pasteris.it\/blog\/wp-json\/wp\/v2\/users\/3"}],"replies":[{"embeddable":true,"href":"https:\/\/www.pasteris.it\/blog\/wp-json\/wp\/v2\/comments?post=24269"}],"version-history":[{"count":2,"href":"https:\/\/www.pasteris.it\/blog\/wp-json\/wp\/v2\/posts\/24269\/revisions"}],"predecessor-version":[{"id":24271,"href":"https:\/\/www.pasteris.it\/blog\/wp-json\/wp\/v2\/posts\/24269\/revisions\/24271"}],"wp:attachment":[{"href":"https:\/\/www.pasteris.it\/blog\/wp-json\/wp\/v2\/media?parent=24269"}],"wp:term":[{"taxonomy":"category","embeddable":true,"href":"https:\/\/www.pasteris.it\/blog\/wp-json\/wp\/v2\/categories?post=24269"},{"taxonomy":"post_tag","embeddable":true,"href":"https:\/\/www.pasteris.it\/blog\/wp-json\/wp\/v2\/tags?post=24269"}],"curies":[{"name":"wp","href":"https:\/\/api.w.org\/{rel}","templated":true}]}}