{"id":24653,"date":"2011-02-25T17:51:11","date_gmt":"2011-02-25T16:51:11","guid":{"rendered":"http:\/\/www.pasteris.it\/blog\/?p=24653"},"modified":"2011-02-25T17:51:11","modified_gmt":"2011-02-25T16:51:11","slug":"verso-l%e2%80%99islanda-del-giornalismo-italiano-partiamo-da-firenze","status":"publish","type":"post","link":"https:\/\/www.pasteris.it\/blog\/2011\/02\/25\/verso-l%e2%80%99islanda-del-giornalismo-italiano-partiamo-da-firenze\/","title":{"rendered":"Verso l\u2019Islanda del giornalismo italiano: partiamo da Firenze"},"content":{"rendered":"<p>Il bloggante si trova su un Frecciarossa Torino-Firenze dove questa sera parteciper\u00e0 con grande piacere al primo incontro dei &#8221;Digiti&#8221; (Giornalisti digitali toscani, che si svolger\u00e0 alle ore 20, nella sede dell&#8217; Associazione stampa toscana. In un mondo giornalistico italiano che ha continuato a latitare nel riconoscersi nella sua reincarnazione digitale, l\u2019Associazione stampa, il sindacato dei giornalisti della Toscana, ha creato un gruppo di lavoro sul giornalismo online.<\/p>\n<p>Domani si replica con l&#8217;incontro &#8211; convention di tutto il gruppo di <a href=\"http:\/\/www.lsdi.it\">LSDI<\/a><\/p>\n<p><!--more--><\/p>\n<blockquote><p>L&#8217; obbiettivo del gruppo \u00e8 avvicinarsi senza pregiudizi e con la massima apertura mentale possibile al mondo del giornalismo e dell&#8217; editoria online, cominciando ad analizzare la situazione nella nostra regione e ad avviare un confronto con i protagonisti. Per valutarne quindi le potenzialit\u00e0 di sviluppo e mettere a fuoco l&#8217; eventuale ruolo positivo che il sindacato potrebbe avere in questo processo: non solo attraverso la difesa e la rappresentanza dei diritti dei giornalisti, sia quelli che formalmente lo sono gi\u00e0, sia quelli che &#8211; pur senza avere il &#8221;tesserino&#8221; &#8211; fanno ugualmente questo lavoro; ma anche cercando di favorire, attraverso il riconoscimento delle sue specificit\u00e0, il suo rafforzamento come settore industriale e, quindi, anche, come importante sbocco occupazionale.<\/p><\/blockquote>\n<p>La Toscana \u00e8\u00a0 una vera Islanda per i giornalisti italiani. Perch\u00e9 l\u2019Islanda ? Perch\u00e9 in Islanda si sono studiate delle leggi per tutelare la libert\u00e0 di informazione in rete. E la Toscana \u00e8 l\u2019avanguardia vera e propria nella nostra Italia nel settore.  Per questa ragione da ora il bloggante si iscriver\u00e0 al sindacato toscano, un sindacato che non solo in parole, ma nei fatti tutela gli interessi e il modo di pensare di chi ha fatto del giornalismo \u201conly digital\u201d il proprio mestiere.<\/p>\n<p>Finisce quindi il mio rapporto \u201cprofessionale\u201d con l\u2019Associazione Stampa Subalpina, di non lunga data, ma negli ultimi anni intenso per ragioni che saranno pi\u00f9 avanti evidenti. Un grazie a sole tre persone che mi piace ringraziare di cuore per nome: Roberta, Alessandra e Nino. Grazie.<\/p>\n","protected":false},"excerpt":{"rendered":"<p>Il bloggante si trova su un Frecciarossa Torino-Firenze dove questa sera parteciper\u00e0 con grande piacere al primo incontro dei &#8221;Digiti&#8221; (Giornalisti digitali toscani, che si svolger\u00e0 alle ore 20, nella sede dell&#8217; Associazione stampa toscana. In un mondo giornalistico italiano che ha continuato a latitare nel riconoscersi nella sua reincarnazione digitale, l\u2019Associazione stampa, il sindacato &#8230; <a title=\"Verso l\u2019Islanda del giornalismo italiano: partiamo da Firenze\" class=\"read-more\" href=\"https:\/\/www.pasteris.it\/blog\/2011\/02\/25\/verso-l%e2%80%99islanda-del-giornalismo-italiano-partiamo-da-firenze\/\" aria-label=\"Per saperne di pi\u00f9 su Verso l\u2019Islanda del giornalismo italiano: partiamo da Firenze\">Leggi tutto<\/a><\/p>\n","protected":false},"author":3,"featured_media":0,"comment_status":"open","ping_status":"open","sticky":false,"template":"","format":"standard","meta":{"footnotes":""},"categories":[6,30,424],"tags":[116,1576,210,1472],"class_list":["post-24653","post","type-post","status-publish","format-standard","hentry","category-internet","category-media","category-personale","tag-digitale","tag-gornalisti","tag-lsdi","tag-toscana"],"_links":{"self":[{"href":"https:\/\/www.pasteris.it\/blog\/wp-json\/wp\/v2\/posts\/24653","targetHints":{"allow":["GET"]}}],"collection":[{"href":"https:\/\/www.pasteris.it\/blog\/wp-json\/wp\/v2\/posts"}],"about":[{"href":"https:\/\/www.pasteris.it\/blog\/wp-json\/wp\/v2\/types\/post"}],"author":[{"embeddable":true,"href":"https:\/\/www.pasteris.it\/blog\/wp-json\/wp\/v2\/users\/3"}],"replies":[{"embeddable":true,"href":"https:\/\/www.pasteris.it\/blog\/wp-json\/wp\/v2\/comments?post=24653"}],"version-history":[{"count":2,"href":"https:\/\/www.pasteris.it\/blog\/wp-json\/wp\/v2\/posts\/24653\/revisions"}],"predecessor-version":[{"id":24655,"href":"https:\/\/www.pasteris.it\/blog\/wp-json\/wp\/v2\/posts\/24653\/revisions\/24655"}],"wp:attachment":[{"href":"https:\/\/www.pasteris.it\/blog\/wp-json\/wp\/v2\/media?parent=24653"}],"wp:term":[{"taxonomy":"category","embeddable":true,"href":"https:\/\/www.pasteris.it\/blog\/wp-json\/wp\/v2\/categories?post=24653"},{"taxonomy":"post_tag","embeddable":true,"href":"https:\/\/www.pasteris.it\/blog\/wp-json\/wp\/v2\/tags?post=24653"}],"curies":[{"name":"wp","href":"https:\/\/api.w.org\/{rel}","templated":true}]}}