{"id":24740,"date":"2011-03-02T10:38:06","date_gmt":"2011-03-02T09:38:06","guid":{"rendered":"http:\/\/www.pasteris.it\/blog\/?p=24740"},"modified":"2011-03-02T01:43:45","modified_gmt":"2011-03-02T00:43:45","slug":"cercare-qualcosa-di-nuovo-in-politica-sotto-la-mole","status":"publish","type":"post","link":"https:\/\/www.pasteris.it\/blog\/2011\/03\/02\/cercare-qualcosa-di-nuovo-in-politica-sotto-la-mole\/","title":{"rendered":"Cercare qualcosa di nuovo in politica sotto la Mole"},"content":{"rendered":"<p><a href=\"http:\/\/www.newto.it\/index.php?i_tree_id=11&amp;plugin=news&amp;i_category_id=1&amp;i_news_id=105\" target=\"_blank\">Via Newto:<\/a> Gioved\u00ec\u00a0 10 marzo 2011 dalle ore 18 alle ore 20 alla Fondazione Merz<\/p>\n<blockquote><p>A Torino \u00e8 finito un ciclo politico e amministrativo durato pi\u00f9 di 15  anni. Nella primavera 2011 la citt\u00e0 dovr\u00e0 scegliere il nuovo Sindaco. Serve,  qui e ora, una classe dirigente in grado di elaborare una visione di  medio-lungo periodo per amministrare la citt\u00e0 nei prossimi 20 anni e ripensare il contesto entro cui Torino si colloca e opera, in  funzione di un nuovo mercato e di mutati scenari, locali, macroregionali  e globali.<\/p>\n<p>Cosa hanno da dire i  &#8220;giovani&#8221; politici di professione torinesi sul futuro della nostra  citt\u00e0? NewTo incontra in un dibattito aperto alcuni protagonisti della  politica torinese, rappresentanti dei vari schieramenti e rigorosamente  under 45, che preferibilmente abbiano avuto, o abbiano gi\u00e0, incarichi di responsabilit\u00e0 pubblica.<\/p>\n<p>Lo scopo \u00e8 mettere  alla prova la loro visione progettuale e avere un&#8217;occasione pubblica per  comunicarla, condividerla o, perch\u00e9 no, criticarla. Per  confermare i dubbi sulla capacit\u00e0 dei giovani di porre questioni  all&#8217;altezza del compito che si propongono, o, speriamo, per smentirli.  Per dimostrare che i giovani sanno essere esigenti, prima di tutto con  se stessi.<\/p><\/blockquote>\n","protected":false},"excerpt":{"rendered":"<p>Via Newto: Gioved\u00ec\u00a0 10 marzo 2011 dalle ore 18 alle ore 20 alla Fondazione Merz A Torino \u00e8 finito un ciclo politico e amministrativo durato pi\u00f9 di 15 anni. Nella primavera 2011 la citt\u00e0 dovr\u00e0 scegliere il nuovo Sindaco. Serve, qui e ora, una classe dirigente in grado di elaborare una visione di medio-lungo periodo &#8230; <a title=\"Cercare qualcosa di nuovo in politica sotto la Mole\" class=\"read-more\" href=\"https:\/\/www.pasteris.it\/blog\/2011\/03\/02\/cercare-qualcosa-di-nuovo-in-politica-sotto-la-mole\/\" aria-label=\"Per saperne di pi\u00f9 su Cercare qualcosa di nuovo in politica sotto la Mole\">Leggi tutto<\/a><\/p>\n","protected":false},"author":3,"featured_media":0,"comment_status":"open","ping_status":"open","sticky":false,"template":"","format":"standard","meta":{"footnotes":""},"categories":[32,14],"tags":[2160],"class_list":["post-24740","post","type-post","status-publish","format-standard","hentry","category-pensieri","category-torino","tag-torino"],"_links":{"self":[{"href":"https:\/\/www.pasteris.it\/blog\/wp-json\/wp\/v2\/posts\/24740","targetHints":{"allow":["GET"]}}],"collection":[{"href":"https:\/\/www.pasteris.it\/blog\/wp-json\/wp\/v2\/posts"}],"about":[{"href":"https:\/\/www.pasteris.it\/blog\/wp-json\/wp\/v2\/types\/post"}],"author":[{"embeddable":true,"href":"https:\/\/www.pasteris.it\/blog\/wp-json\/wp\/v2\/users\/3"}],"replies":[{"embeddable":true,"href":"https:\/\/www.pasteris.it\/blog\/wp-json\/wp\/v2\/comments?post=24740"}],"version-history":[{"count":2,"href":"https:\/\/www.pasteris.it\/blog\/wp-json\/wp\/v2\/posts\/24740\/revisions"}],"predecessor-version":[{"id":24742,"href":"https:\/\/www.pasteris.it\/blog\/wp-json\/wp\/v2\/posts\/24740\/revisions\/24742"}],"wp:attachment":[{"href":"https:\/\/www.pasteris.it\/blog\/wp-json\/wp\/v2\/media?parent=24740"}],"wp:term":[{"taxonomy":"category","embeddable":true,"href":"https:\/\/www.pasteris.it\/blog\/wp-json\/wp\/v2\/categories?post=24740"},{"taxonomy":"post_tag","embeddable":true,"href":"https:\/\/www.pasteris.it\/blog\/wp-json\/wp\/v2\/tags?post=24740"}],"curies":[{"name":"wp","href":"https:\/\/api.w.org\/{rel}","templated":true}]}}