{"id":2480,"date":"2007-11-01T21:42:37","date_gmt":"2007-11-01T19:42:37","guid":{"rendered":"http:\/\/www.pasteris.it\/blog\/2007\/11\/01\/le-cappelle-del-ministro-gentiloni\/"},"modified":"2007-11-01T21:45:43","modified_gmt":"2007-11-01T19:45:43","slug":"le-cappelle-del-ministro-gentiloni","status":"publish","type":"post","link":"https:\/\/www.pasteris.it\/blog\/2007\/11\/01\/le-cappelle-del-ministro-gentiloni\/","title":{"rendered":"Le cappelle del ministro Gentiloni"},"content":{"rendered":"<p><img loading=\"lazy\" decoding=\"async\" src=\"http:\/\/www.beppegrillo.it\/immagini_blog\/antigentiloni_divide.jpg\" align=\"right\" height=\"105\" width=\"150\" \/>Dopo la presentazione del bando sul Wimax da parte del <a href=\"http:\/\/www.paologentiloni.it\/\">ministro Gentiloni <\/a>avevano praticamente protestato tutti o quasi. Diciamo che si tratta di un nuovo pasticciaccio sulle comunicazioni in Italia. E questa volta si appllaude <a href=\"http:\/\/www.beppegrillo.it\/petizioni\/wimax.php\">Beppe Grillo che ha lanciato una petizione un po&#8217; forte nei toni ma importante per portare l&#8217;attenzione politica sul problema<\/a>. Uno sforzo per aumentare  la concorrenza non sarebbe male.<\/p>\n<p><!--more--><\/p>\n<blockquote><p>I cittadini italiani ed europei, CHIEDONO alla Commissione Europea Che alla gara indetta dal Ministero delle Comunicazioni, con riferimento al decreto del 2 ottobre 2007,  avente come oggetto l\u2019assegnazione di diritti d\u2019uso di frequenze per sistemi Broadband Wireless Access (BWA) nella banda  3.4 \u2013 3.6 GHz, non possano partecipare operatori gi\u00e0 detentori di frequenze BWA, nello specifico gli operatori UMTS.<\/p><\/blockquote>\n<p>PS il bloggante non ci aveva mai fatto caso ma il presunto blogroll e la barra dei siti preferiti del blog di Gentiloni sono un ameno mix  di blog &#8220;nazional popolari in rete&#8221; tra cui Beppe Grillo stesso,  ma non pare lo legga spesso dato che non c&#8217;\u00e8 risposta alla petizione contro Gentiloni, ma una valanga di commenti sul tema. Tra cui uno straordinario per il senso dell&#8217;humor<\/p>\n<blockquote><p>L&#8217; Onorevole Cetto La Qualunque, ha deciso di lasciare la Casa Delle Libert\u00e0. Vuole un posto nel partito democratico: \u00e8 molto pi\u00f9 affidabile.<\/p><\/blockquote>\n","protected":false},"excerpt":{"rendered":"<p>Dopo la presentazione del bando sul Wimax da parte del ministro Gentiloni avevano praticamente protestato tutti o quasi. Diciamo che si tratta di un nuovo pasticciaccio sulle comunicazioni in Italia. E questa volta si appllaude Beppe Grillo che ha lanciato una petizione un po&#8217; forte nei toni ma importante per portare l&#8217;attenzione politica sul problema. &#8230; <a title=\"Le cappelle del ministro Gentiloni\" class=\"read-more\" href=\"https:\/\/www.pasteris.it\/blog\/2007\/11\/01\/le-cappelle-del-ministro-gentiloni\/\" aria-label=\"Per saperne di pi\u00f9 su Le cappelle del ministro Gentiloni\">Leggi tutto<\/a><\/p>\n","protected":false},"author":4,"featured_media":0,"comment_status":"open","ping_status":"open","sticky":false,"template":"","format":"standard","meta":{"footnotes":""},"categories":[],"tags":[415,2157,2158,61,2154,548,346,373],"class_list":["post-2480","post","type-post","status-publish","format-standard","hentry","tag-arte","tag-blog","tag-diritti","tag-italia","tag-politica","tag-liberta","tag-umts","tag-wireless"],"_links":{"self":[{"href":"https:\/\/www.pasteris.it\/blog\/wp-json\/wp\/v2\/posts\/2480","targetHints":{"allow":["GET"]}}],"collection":[{"href":"https:\/\/www.pasteris.it\/blog\/wp-json\/wp\/v2\/posts"}],"about":[{"href":"https:\/\/www.pasteris.it\/blog\/wp-json\/wp\/v2\/types\/post"}],"author":[{"embeddable":true,"href":"https:\/\/www.pasteris.it\/blog\/wp-json\/wp\/v2\/users\/4"}],"replies":[{"embeddable":true,"href":"https:\/\/www.pasteris.it\/blog\/wp-json\/wp\/v2\/comments?post=2480"}],"version-history":[{"count":0,"href":"https:\/\/www.pasteris.it\/blog\/wp-json\/wp\/v2\/posts\/2480\/revisions"}],"wp:attachment":[{"href":"https:\/\/www.pasteris.it\/blog\/wp-json\/wp\/v2\/media?parent=2480"}],"wp:term":[{"taxonomy":"category","embeddable":true,"href":"https:\/\/www.pasteris.it\/blog\/wp-json\/wp\/v2\/categories?post=2480"},{"taxonomy":"post_tag","embeddable":true,"href":"https:\/\/www.pasteris.it\/blog\/wp-json\/wp\/v2\/tags?post=2480"}],"curies":[{"name":"wp","href":"https:\/\/api.w.org\/{rel}","templated":true}]}}