{"id":2482,"date":"2007-11-02T16:31:56","date_gmt":"2007-11-02T14:31:56","guid":{"rendered":"http:\/\/www.pasteris.it\/blog\/2007\/11\/02\/la-storia-ad-acqui\/"},"modified":"2007-11-02T11:16:38","modified_gmt":"2007-11-02T09:16:38","slug":"la-storia-ad-acqui","status":"publish","type":"post","link":"https:\/\/www.pasteris.it\/blog\/2007\/11\/02\/la-storia-ad-acqui\/","title":{"rendered":"La Storia ad Acqui"},"content":{"rendered":"<p><img loading=\"lazy\" decoding=\"async\" src=\"http:\/\/www.clubunesco.al.it\/_resources\/acqui_terme_logo_acquistoria%A7anteprima.jpg\" align=\"right\" height=\"90\" width=\"90\" \/><span class=\"nero11\">Sabato 3 novembre la tradizionale premiazione del premio Acqui Storia alle 17,30 presso il Teatro Ariston. Il vincitore della sezione storico-divulgativa \u00e8 Mario Calabresi, con il volume &#8220;Spingendo la notte pi\u00f9 in l\u00e0&#8221;, di Mondadori. Piero Craveri \u00e8 il vincitore della sezione storico-scientifica con &#8220;De Gasperi&#8221;, pubblicato da Il Mulino. Riconoscimenti speciali &#8220;Testimone del Tempo&#8221; all&#8217;attrice Claudia Cardinale, all&#8217;editore Alberto Bolaffi e al direttore del TG 2 Mauro Mazza, quello per &#8220;La Storia in TV&#8221; andr\u00e0 alla fiction &#8220;Nassirya &#8211; Per non dimenticare&#8221;.<\/span><\/p>\n","protected":false},"excerpt":{"rendered":"<p>Sabato 3 novembre la tradizionale premiazione del premio Acqui Storia alle 17,30 presso il Teatro Ariston. Il vincitore della sezione storico-divulgativa \u00e8 Mario Calabresi, con il volume &#8220;Spingendo la notte pi\u00f9 in l\u00e0&#8221;, di Mondadori. Piero Craveri \u00e8 il vincitore della sezione storico-scientifica con &#8220;De Gasperi&#8221;, pubblicato da Il Mulino. Riconoscimenti speciali &#8220;Testimone del Tempo&#8221; &#8230; <a title=\"La Storia ad Acqui\" class=\"read-more\" href=\"https:\/\/www.pasteris.it\/blog\/2007\/11\/02\/la-storia-ad-acqui\/\" aria-label=\"Per saperne di pi\u00f9 su La Storia ad Acqui\">Leggi tutto<\/a><\/p>\n","protected":false},"author":4,"featured_media":0,"comment_status":"open","ping_status":"open","sticky":false,"template":"","format":"standard","meta":{"footnotes":""},"categories":[],"tags":[515,561],"class_list":["post-2482","post","type-post","status-publish","format-standard","hentry","tag-ict","tag-tempo"],"_links":{"self":[{"href":"https:\/\/www.pasteris.it\/blog\/wp-json\/wp\/v2\/posts\/2482","targetHints":{"allow":["GET"]}}],"collection":[{"href":"https:\/\/www.pasteris.it\/blog\/wp-json\/wp\/v2\/posts"}],"about":[{"href":"https:\/\/www.pasteris.it\/blog\/wp-json\/wp\/v2\/types\/post"}],"author":[{"embeddable":true,"href":"https:\/\/www.pasteris.it\/blog\/wp-json\/wp\/v2\/users\/4"}],"replies":[{"embeddable":true,"href":"https:\/\/www.pasteris.it\/blog\/wp-json\/wp\/v2\/comments?post=2482"}],"version-history":[{"count":0,"href":"https:\/\/www.pasteris.it\/blog\/wp-json\/wp\/v2\/posts\/2482\/revisions"}],"wp:attachment":[{"href":"https:\/\/www.pasteris.it\/blog\/wp-json\/wp\/v2\/media?parent=2482"}],"wp:term":[{"taxonomy":"category","embeddable":true,"href":"https:\/\/www.pasteris.it\/blog\/wp-json\/wp\/v2\/categories?post=2482"},{"taxonomy":"post_tag","embeddable":true,"href":"https:\/\/www.pasteris.it\/blog\/wp-json\/wp\/v2\/tags?post=2482"}],"curies":[{"name":"wp","href":"https:\/\/api.w.org\/{rel}","templated":true}]}}