{"id":24825,"date":"2011-03-07T14:57:44","date_gmt":"2011-03-07T13:57:44","guid":{"rendered":"http:\/\/www.pasteris.it\/blog\/?p=24825"},"modified":"2011-03-07T15:52:22","modified_gmt":"2011-03-07T14:52:22","slug":"i-non-luoghi-chiamati-cie","status":"publish","type":"post","link":"https:\/\/www.pasteris.it\/blog\/2011\/03\/07\/i-non-luoghi-chiamati-cie\/","title":{"rendered":"I non luoghi chiamati CIE"},"content":{"rendered":"<p><a href=\"http:\/\/www.pinobruno.it\/2011\/03\/i-non-luoghi-chiamati-cie-per-trovarli-ci-vuole-google-earth\/\">Via Pino Bruno<\/a><\/p>\n<blockquote><p>I Centri di Identificazione ed Espulsione  per  immigrati irregolari sono \u201cnon luoghi\u201d. Non li si trova neppure sugli  elenchi telefonici, dove sono indicate persino le basi militari pi\u00f9  inaccessibili. Nessuno pu\u00f2 entrarci e pochi sanno cosa accade l\u00ec dentro.  Sono carceri non dichiarate? Vi si rispettano i diritti umani? I \u201cnon  detenuti\u201d hanno diritto all\u2019assistenza legale? I giuristi baresi che  hanno promosso la <a href=\"http:\/\/www.classactionprocedimentale.it\/index.php?option=com_content&amp;view=article&amp;id=127:ricorso-per-accertamento-tecnico-preventivo&amp;catid=35:cie-bari&amp;Itemid=75\" target=\"_blank\">Class Action Procedimentale <\/a> per chiedere un\u2019ispezione del Tribunale hanno dovuto far ricorso a Google Earth per geolocalizzare la struttura alla periferia della citt\u00e0: \u201c\u2026.Detto  Centro \u00e8 sito in luogo (Coordinate GPS: Latitudine N. 41.135656 \u2013  Longitudine E 16.788834) ad oggi non censito nello stradario cittadino  (una sorta di \u201cinvisibilit\u00e0\u201d che si specchia in quella dei reclusi)\u201d.<\/p>\n<p><a title=\"CIE-Bari\" rel=\"lightbox[10178]\" href=\"http:\/\/www.pinobruno.it\/wp-content\/uploads\/2011\/03\/CIE-Bari.jpg\"><img loading=\"lazy\" decoding=\"async\" title=\"CIE-Bari\" src=\"http:\/\/www.pinobruno.it\/wp-content\/uploads\/2011\/03\/CIE-Bari.jpg\" alt=\"\" width=\"523\" height=\"341\" \/><\/a><\/p><\/blockquote>\n","protected":false},"excerpt":{"rendered":"<p>Via Pino Bruno I Centri di Identificazione ed Espulsione per immigrati irregolari sono \u201cnon luoghi\u201d. Non li si trova neppure sugli elenchi telefonici, dove sono indicate persino le basi militari pi\u00f9 inaccessibili. Nessuno pu\u00f2 entrarci e pochi sanno cosa accade l\u00ec dentro. Sono carceri non dichiarate? Vi si rispettano i diritti umani? I \u201cnon detenuti\u201d &#8230; <a title=\"I non luoghi chiamati CIE\" class=\"read-more\" href=\"https:\/\/www.pasteris.it\/blog\/2011\/03\/07\/i-non-luoghi-chiamati-cie\/\" aria-label=\"Per saperne di pi\u00f9 su I non luoghi chiamati CIE\">Leggi tutto<\/a><\/p>\n","protected":false},"author":3,"featured_media":0,"comment_status":"open","ping_status":"open","sticky":false,"template":"","format":"standard","meta":{"footnotes":""},"categories":[6,1,32],"tags":[1587,61],"class_list":["post-24825","post","type-post","status-publish","format-standard","hentry","category-internet","category-politica","category-pensieri","tag-immigrati","tag-italia"],"_links":{"self":[{"href":"https:\/\/www.pasteris.it\/blog\/wp-json\/wp\/v2\/posts\/24825","targetHints":{"allow":["GET"]}}],"collection":[{"href":"https:\/\/www.pasteris.it\/blog\/wp-json\/wp\/v2\/posts"}],"about":[{"href":"https:\/\/www.pasteris.it\/blog\/wp-json\/wp\/v2\/types\/post"}],"author":[{"embeddable":true,"href":"https:\/\/www.pasteris.it\/blog\/wp-json\/wp\/v2\/users\/3"}],"replies":[{"embeddable":true,"href":"https:\/\/www.pasteris.it\/blog\/wp-json\/wp\/v2\/comments?post=24825"}],"version-history":[{"count":3,"href":"https:\/\/www.pasteris.it\/blog\/wp-json\/wp\/v2\/posts\/24825\/revisions"}],"predecessor-version":[{"id":24827,"href":"https:\/\/www.pasteris.it\/blog\/wp-json\/wp\/v2\/posts\/24825\/revisions\/24827"}],"wp:attachment":[{"href":"https:\/\/www.pasteris.it\/blog\/wp-json\/wp\/v2\/media?parent=24825"}],"wp:term":[{"taxonomy":"category","embeddable":true,"href":"https:\/\/www.pasteris.it\/blog\/wp-json\/wp\/v2\/categories?post=24825"},{"taxonomy":"post_tag","embeddable":true,"href":"https:\/\/www.pasteris.it\/blog\/wp-json\/wp\/v2\/tags?post=24825"}],"curies":[{"name":"wp","href":"https:\/\/api.w.org\/{rel}","templated":true}]}}