{"id":2513,"date":"2007-11-06T02:45:17","date_gmt":"2007-11-06T00:45:17","guid":{"rendered":"http:\/\/www.pasteris.it\/blog\/2007\/11\/06\/fon-geneve-c%e2%80%99est-quoi\/"},"modified":"2007-11-06T02:45:17","modified_gmt":"2007-11-06T00:45:17","slug":"fon-geneve-c%e2%80%99est-quoi","status":"publish","type":"post","link":"https:\/\/www.pasteris.it\/blog\/2007\/11\/06\/fon-geneve-c%e2%80%99est-quoi\/","title":{"rendered":"FON-Gen\u00e8ve c\u2019est quoi ?"},"content":{"rendered":"<p><a href=\"http:\/\/geneve-fon.org\">La citt\u00e0 di Ginevra e FON hanno annunciato ufficialmente un progetto congiunto<\/a> per fornire accesso WiFi ai residenti e ai visitatori. Il progetto partir\u00e0 la settimana prossima, 500 La Fonera WiFi Router saranno distribuiti ai residenti che hanno una connessione a banda larga a casa e hanno aderito al progetto.<\/p>\n<blockquote><p><img loading=\"lazy\" decoding=\"async\" src=\"http:\/\/www.geneve-fon.org\/IMG\/jpg\/boutonfongeneve.jpg\" align=\"right\" height=\"214\" width=\"220\" \/>Afin de favoriser l\u2019acc\u00e8s \u00e0 Internet pour tous, la Ville de Gen\u00e8ve a install\u00e9 ces derniers mois plusieurs points d\u2019acc\u00e8s gratuit \u00e0 Internet (Wi-Fi) dans des lieux publics de la cit\u00e9. En vue de renforcer ce principe de solidarit\u00e9 num\u00e9rique, la municipalit\u00e9 souhaite d\u00e9velopper d\u2019autres mesures destin\u00e9es aux habitants en leur proposant un partage communautaire de l\u2019acc\u00e8s Internet, gr\u00e2ce au petit boitier d\u00e9velopp\u00e9 par FON : La Fonera. Venez r\u00e9cup\u00e9rer gratuitement votre Fonera \u00e0 la Mairie de Gen\u00e8ve.<\/p><\/blockquote>\n","protected":false},"excerpt":{"rendered":"<p>La citt\u00e0 di Ginevra e FON hanno annunciato ufficialmente un progetto congiunto per fornire accesso WiFi ai residenti e ai visitatori. Il progetto partir\u00e0 la settimana prossima, 500 La Fonera WiFi Router saranno distribuiti ai residenti che hanno una connessione a banda larga a casa e hanno aderito al progetto. Afin de favoriser l\u2019acc\u00e8s \u00e0 &#8230; <a title=\"FON-Gen\u00e8ve c\u2019est quoi ?\" class=\"read-more\" href=\"https:\/\/www.pasteris.it\/blog\/2007\/11\/06\/fon-geneve-c%e2%80%99est-quoi\/\" aria-label=\"Per saperne di pi\u00f9 su FON-Gen\u00e8ve c\u2019est quoi ?\">Leggi tutto<\/a><\/p>\n","protected":false},"author":4,"featured_media":0,"comment_status":"open","ping_status":"open","sticky":false,"template":"","format":"standard","meta":{"footnotes":""},"categories":[],"tags":[2155,558,36,367],"class_list":["post-2513","post","type-post","status-publish","format-standard","hentry","tag-internet","tag-neve","tag-tag","tag-wi-fi"],"_links":{"self":[{"href":"https:\/\/www.pasteris.it\/blog\/wp-json\/wp\/v2\/posts\/2513","targetHints":{"allow":["GET"]}}],"collection":[{"href":"https:\/\/www.pasteris.it\/blog\/wp-json\/wp\/v2\/posts"}],"about":[{"href":"https:\/\/www.pasteris.it\/blog\/wp-json\/wp\/v2\/types\/post"}],"author":[{"embeddable":true,"href":"https:\/\/www.pasteris.it\/blog\/wp-json\/wp\/v2\/users\/4"}],"replies":[{"embeddable":true,"href":"https:\/\/www.pasteris.it\/blog\/wp-json\/wp\/v2\/comments?post=2513"}],"version-history":[{"count":0,"href":"https:\/\/www.pasteris.it\/blog\/wp-json\/wp\/v2\/posts\/2513\/revisions"}],"wp:attachment":[{"href":"https:\/\/www.pasteris.it\/blog\/wp-json\/wp\/v2\/media?parent=2513"}],"wp:term":[{"taxonomy":"category","embeddable":true,"href":"https:\/\/www.pasteris.it\/blog\/wp-json\/wp\/v2\/categories?post=2513"},{"taxonomy":"post_tag","embeddable":true,"href":"https:\/\/www.pasteris.it\/blog\/wp-json\/wp\/v2\/tags?post=2513"}],"curies":[{"name":"wp","href":"https:\/\/api.w.org\/{rel}","templated":true}]}}