{"id":25133,"date":"2011-03-21T23:42:39","date_gmt":"2011-03-21T22:42:39","guid":{"rendered":"http:\/\/www.pasteris.it\/blog\/?p=25133"},"modified":"2011-03-23T02:52:39","modified_gmt":"2011-03-23T01:52:39","slug":"una-odissea-allalba-acritica","status":"publish","type":"post","link":"https:\/\/www.pasteris.it\/blog\/2011\/03\/21\/una-odissea-allalba-acritica\/","title":{"rendered":"Una Odissea all&#8217;alba acritica"},"content":{"rendered":"<p>Un prestigioso Carlo Felice Dalla Pasqua <a href=\"http:\/\/treviso.typepad.com\/se_una_notte_dinverno_un_\/2011\/03\/operation-iliad-sunset.html\">analizza gli usi e i costumi lessicali dei giornali italiani<\/a><\/p>\n<div>\n<blockquote><p>Soltanto chi non fa non falla, dice uno di quei detti che ci  vengono in soccorso per giustificare qualsiasi cosa. Per\u00f2, proseguendo  nel gioco delle banalit\u00e0, se errare \u00e8 umano perseverare \u00e8 diabolico.  Chiaro? No, ovviamente, ma adesso cercher\u00f2 di spiegarmi meglio. \u00c8 da ieri sera che stiamo seguendo &#8211; su internet, alla televisione,  alla radio e sui giornali &#8211; l&#8217;operazione &#8220;Odissea all&#8217;alba&#8221;. All&#8217;inizio  non ci avevo fatto caso, era pi\u00f9 importante capire ci\u00f2 che stava  avvenendo in Libia, ma poi mi sono chiesto: perch\u00e9 hanno chiamato  &#8220;Odissea all&#8217;alba&#8221; un&#8217;operazione cominciata con l&#8217;attacco francese delle  17.45 di sabato 19? Avessero preso in considerazione l&#8217;ora di New York  sarebbero state le 11.45, in California le 8.45. Soltanto alle Hawaii,  11 ore pi\u00f9 indietro, era l&#8217;alba, ma ritenevo difficile che chi ha dato  il nome all&#8217;operazione avesse stabilito come ora centrale quella delle  Hawaii, magari\u00a0per un atto di servilismo verso Obama, nato in quelle  isole. Sono andato allora su un sito in inglese e ho scoperto che il  nome originale era &#8220;Operation Odyssey Dawn&#8221;, ossia &#8220;Alba dell&#8217;odissea&#8221;  (uno per tutti, si veda il <a title=\"Department of Defense\" href=\"http:\/\/twitter.com\/#%21\/DeptofDefense\" target=\"_self\">twitter del Dipartimento della Difesa americano<\/a>, che usa regolarmente l&#8217;hashtag <a title=\"Operation Odyssey Dawn\" href=\"http:\/\/twitter.com\/#%21\/search?q=%23OperationOdysseyDawn\" target=\"_blank\">#OperationOdysseyDawn<\/a>).<\/p><\/blockquote>\n<\/div>\n<div>\n<blockquote><p>Mi sono incuriosito anche perch\u00e9, salvo poche commendevoli eccezioni,  &#8220;Odissea all&#8217;alba&#8221; continua a essere, dopo pi\u00f9 di un giorno, la  traduzione adottata da molti organi d&#8217;informazione (e in questo caso non  \u00e8 un problema di mainstream media o semplici blog: l&#8217;errore \u00e8  trasversale). Non mi interessa sapere se sui libri di storia i nostri  figli e nipoti studieranno &#8220;Alba dell&#8217;odissea&#8221; o &#8220;Odissea all&#8217;alba&#8221; o  qualche altra preposizione articolata, mi interessa sapere come \u00e8 nata  quella traduzione sbagliata e senza senso. Ho scoperto cos\u00ec che  l&#8217;origine, purtroppo, \u00e8 la stessa di tanti altri errori dei mezzi  d&#8217;informazione italiani: i lanci dell&#8217;agenzia Ansa presi acriticamente. E  chi fa il giornalista sa bene che \u00e8 pi\u00f9 facile convincere un  caporedattore o un direttore che il loro amministratore delegato \u00e8 un  incompetente piuttosto che far loro ammettere che \u00e8 sbagliata un&#8217;Ansa  che in quel momento tutti i concorrenti stanno dando per vera. Anche in  questo caso fatte le solite poche e commendevoli eccezioni. Per questo  anche domani &#8211; stamattina ormai, visto che mezzanotte \u00e8 passata da tempo  &#8211; continueremo a leggere e ad ascoltare &#8220;Odissea all&#8217;alba&#8221;.<\/p><\/blockquote>\n<\/div>\n","protected":false},"excerpt":{"rendered":"<p>Un prestigioso Carlo Felice Dalla Pasqua analizza gli usi e i costumi lessicali dei giornali italiani Soltanto chi non fa non falla, dice uno di quei detti che ci vengono in soccorso per giustificare qualsiasi cosa. Per\u00f2, proseguendo nel gioco delle banalit\u00e0, se errare \u00e8 umano perseverare \u00e8 diabolico. Chiaro? No, ovviamente, ma adesso cercher\u00f2 &#8230; <a title=\"Una Odissea all&#8217;alba acritica\" class=\"read-more\" href=\"https:\/\/www.pasteris.it\/blog\/2011\/03\/21\/una-odissea-allalba-acritica\/\" aria-label=\"Per saperne di pi\u00f9 su Una Odissea all&#8217;alba acritica\">Leggi tutto<\/a><\/p>\n","protected":false},"author":3,"featured_media":0,"comment_status":"open","ping_status":"open","sticky":false,"template":"","format":"standard","meta":{"footnotes":""},"categories":[1,30],"tags":[160,1600],"class_list":["post-25133","post","type-post","status-publish","format-standard","hentry","category-politica","category-media","tag-giornalismo","tag-parole"],"_links":{"self":[{"href":"https:\/\/www.pasteris.it\/blog\/wp-json\/wp\/v2\/posts\/25133","targetHints":{"allow":["GET"]}}],"collection":[{"href":"https:\/\/www.pasteris.it\/blog\/wp-json\/wp\/v2\/posts"}],"about":[{"href":"https:\/\/www.pasteris.it\/blog\/wp-json\/wp\/v2\/types\/post"}],"author":[{"embeddable":true,"href":"https:\/\/www.pasteris.it\/blog\/wp-json\/wp\/v2\/users\/3"}],"replies":[{"embeddable":true,"href":"https:\/\/www.pasteris.it\/blog\/wp-json\/wp\/v2\/comments?post=25133"}],"version-history":[{"count":3,"href":"https:\/\/www.pasteris.it\/blog\/wp-json\/wp\/v2\/posts\/25133\/revisions"}],"predecessor-version":[{"id":25135,"href":"https:\/\/www.pasteris.it\/blog\/wp-json\/wp\/v2\/posts\/25133\/revisions\/25135"}],"wp:attachment":[{"href":"https:\/\/www.pasteris.it\/blog\/wp-json\/wp\/v2\/media?parent=25133"}],"wp:term":[{"taxonomy":"category","embeddable":true,"href":"https:\/\/www.pasteris.it\/blog\/wp-json\/wp\/v2\/categories?post=25133"},{"taxonomy":"post_tag","embeddable":true,"href":"https:\/\/www.pasteris.it\/blog\/wp-json\/wp\/v2\/tags?post=25133"}],"curies":[{"name":"wp","href":"https:\/\/api.w.org\/{rel}","templated":true}]}}