{"id":25156,"date":"2011-03-23T03:02:09","date_gmt":"2011-03-23T02:02:09","guid":{"rendered":"http:\/\/www.pasteris.it\/blog\/?p=25156"},"modified":"2011-03-23T03:29:26","modified_gmt":"2011-03-23T02:29:26","slug":"la-fiat-congela-il-lavoro-in-bertone","status":"publish","type":"post","link":"https:\/\/www.pasteris.it\/blog\/2011\/03\/23\/la-fiat-congela-il-lavoro-in-bertone\/","title":{"rendered":"La Fiat congela il lavoro in Bertone"},"content":{"rendered":"<p><a href=\"http:\/\/www3.lastampa.it\/economia\/sezioni\/articolo\/lstp\/394549\/\">La situazione ex-Bertone diventa critica<\/a><\/p>\n<blockquote><p>L\u2019investimento da 500 milioni di euro per produrre un modello Maserati nella ex Carrozzeria Bertone, fabbrica feudo della Fiom, \u00e8 a rischio. La Fiat vuole che anche in questo caso si applichi il contratto gi\u00e0 previsto per Mirafiori, ma i metalmeccanici Cgil dicono no.<\/p>\n<p>Prima di arrivare all\u2019interruzione del confronto, l\u2019azienda ha confermato tutte le condizioni per realizzare l\u2019investimento. Circa sei ore di esposizione e una sola di discussione prima di arrivare alla conclusione che al momento non esistono le condizioni per andare avanti. La Fiom, che aveva presentato un documento con le richieste delle Rsu, si \u00e8 riservata una riflessione con i delegati che convocher\u00e0 nei prossimi giorni. Quindi, perch\u00e8 il confronto riprenda dovr\u00e0 essere la Fiom stessa, che nella fabbrica conta 700 iscritti su 1.095 lavoratori e il 64% dei delegati, a dare qualche segnale di apertura all\u2019azienda. <\/p><\/blockquote>\n","protected":false},"excerpt":{"rendered":"<p>La situazione ex-Bertone diventa critica L\u2019investimento da 500 milioni di euro per produrre un modello Maserati nella ex Carrozzeria Bertone, fabbrica feudo della Fiom, \u00e8 a rischio. La Fiat vuole che anche in questo caso si applichi il contratto gi\u00e0 previsto per Mirafiori, ma i metalmeccanici Cgil dicono no. Prima di arrivare all\u2019interruzione del confronto, &#8230; <a title=\"La Fiat congela il lavoro in Bertone\" class=\"read-more\" href=\"https:\/\/www.pasteris.it\/blog\/2011\/03\/23\/la-fiat-congela-il-lavoro-in-bertone\/\" aria-label=\"Per saperne di pi\u00f9 su La Fiat congela il lavoro in Bertone\">Leggi tutto<\/a><\/p>\n","protected":false},"author":3,"featured_media":0,"comment_status":"open","ping_status":"open","sticky":false,"template":"","format":"standard","meta":{"footnotes":""},"categories":[14],"tags":[1007,426,2160],"class_list":["post-25156","post","type-post","status-publish","format-standard","hentry","category-torino","tag-bertone","tag-lavoro","tag-torino"],"_links":{"self":[{"href":"https:\/\/www.pasteris.it\/blog\/wp-json\/wp\/v2\/posts\/25156","targetHints":{"allow":["GET"]}}],"collection":[{"href":"https:\/\/www.pasteris.it\/blog\/wp-json\/wp\/v2\/posts"}],"about":[{"href":"https:\/\/www.pasteris.it\/blog\/wp-json\/wp\/v2\/types\/post"}],"author":[{"embeddable":true,"href":"https:\/\/www.pasteris.it\/blog\/wp-json\/wp\/v2\/users\/3"}],"replies":[{"embeddable":true,"href":"https:\/\/www.pasteris.it\/blog\/wp-json\/wp\/v2\/comments?post=25156"}],"version-history":[{"count":2,"href":"https:\/\/www.pasteris.it\/blog\/wp-json\/wp\/v2\/posts\/25156\/revisions"}],"predecessor-version":[{"id":25164,"href":"https:\/\/www.pasteris.it\/blog\/wp-json\/wp\/v2\/posts\/25156\/revisions\/25164"}],"wp:attachment":[{"href":"https:\/\/www.pasteris.it\/blog\/wp-json\/wp\/v2\/media?parent=25156"}],"wp:term":[{"taxonomy":"category","embeddable":true,"href":"https:\/\/www.pasteris.it\/blog\/wp-json\/wp\/v2\/categories?post=25156"},{"taxonomy":"post_tag","embeddable":true,"href":"https:\/\/www.pasteris.it\/blog\/wp-json\/wp\/v2\/tags?post=25156"}],"curies":[{"name":"wp","href":"https:\/\/api.w.org\/{rel}","templated":true}]}}