{"id":2518,"date":"2007-11-06T13:57:43","date_gmt":"2007-11-06T11:57:43","guid":{"rendered":"http:\/\/www.pasteris.it\/blog\/2007\/11\/06\/io-culicchia-e-centomila\/"},"modified":"2007-11-06T16:08:07","modified_gmt":"2007-11-06T14:08:07","slug":"io-culicchia-e-centomila","status":"publish","type":"post","link":"https:\/\/www.pasteris.it\/blog\/2007\/11\/06\/io-culicchia-e-centomila\/","title":{"rendered":"Io, Culicchia e centomila"},"content":{"rendered":"<p><a href=\"http:\/\/www.lastampa.it\/redazione\/cmsSezioni\/societa\/200711articoli\/27315girata.asp\">Il furto dell&#8217;identit\u00e0 di un ottimo scrittore e giornalista<\/a><\/p>\n<p><a href=\"http:\/\/www.lastampa.it\/redazione\/cmsSezioni\/societa\/200711articoli\/27315girata.asp\"><img loading=\"lazy\" decoding=\"async\" src=\"http:\/\/www.lastampa.it\/redazione\/cmssezioni\/cronache\/200711images\/culicchia01G.jpg\" align=\"right\" height=\"182\" width=\"237\" \/><\/a>Qualche giorno fa, non so di preciso quando, mi hanno rubato l&#8217;identit\u00e0. Non \u00e8 l&#8217;incipit di un racconto kafkiano, ma la pura e semplice verit\u00e0. E quando l\u2019altro pomeriggio sono andato a fare denuncia in un commissariato di Torino, il funzionario di polizia mi ha guardato a dir poco perplesso. \u00abIn che senso, scusi?\u00bb, mi ha chiesto. Ho provato a spiegarglielo. Luned\u00ec scorso stavo scrivendo qualcosa, quando a un tratto ho ricevuto una telefonata.<\/p>\n","protected":false},"excerpt":{"rendered":"<p>Il furto dell&#8217;identit\u00e0 di un ottimo scrittore e giornalista Qualche giorno fa, non so di preciso quando, mi hanno rubato l&#8217;identit\u00e0. Non \u00e8 l&#8217;incipit di un racconto kafkiano, ma la pura e semplice verit\u00e0. E quando l\u2019altro pomeriggio sono andato a fare denuncia in un commissariato di Torino, il funzionario di polizia mi ha guardato &#8230; <a title=\"Io, Culicchia e centomila\" class=\"read-more\" href=\"https:\/\/www.pasteris.it\/blog\/2007\/11\/06\/io-culicchia-e-centomila\/\" aria-label=\"Per saperne di pi\u00f9 su Io, Culicchia e centomila\">Leggi tutto<\/a><\/p>\n","protected":false},"author":4,"featured_media":0,"comment_status":"open","ping_status":"open","sticky":false,"template":"","format":"standard","meta":{"footnotes":""},"categories":[],"tags":[2160],"class_list":["post-2518","post","type-post","status-publish","format-standard","hentry","tag-torino"],"_links":{"self":[{"href":"https:\/\/www.pasteris.it\/blog\/wp-json\/wp\/v2\/posts\/2518","targetHints":{"allow":["GET"]}}],"collection":[{"href":"https:\/\/www.pasteris.it\/blog\/wp-json\/wp\/v2\/posts"}],"about":[{"href":"https:\/\/www.pasteris.it\/blog\/wp-json\/wp\/v2\/types\/post"}],"author":[{"embeddable":true,"href":"https:\/\/www.pasteris.it\/blog\/wp-json\/wp\/v2\/users\/4"}],"replies":[{"embeddable":true,"href":"https:\/\/www.pasteris.it\/blog\/wp-json\/wp\/v2\/comments?post=2518"}],"version-history":[{"count":0,"href":"https:\/\/www.pasteris.it\/blog\/wp-json\/wp\/v2\/posts\/2518\/revisions"}],"wp:attachment":[{"href":"https:\/\/www.pasteris.it\/blog\/wp-json\/wp\/v2\/media?parent=2518"}],"wp:term":[{"taxonomy":"category","embeddable":true,"href":"https:\/\/www.pasteris.it\/blog\/wp-json\/wp\/v2\/categories?post=2518"},{"taxonomy":"post_tag","embeddable":true,"href":"https:\/\/www.pasteris.it\/blog\/wp-json\/wp\/v2\/tags?post=2518"}],"curies":[{"name":"wp","href":"https:\/\/api.w.org\/{rel}","templated":true}]}}