{"id":25446,"date":"2011-04-09T19:16:04","date_gmt":"2011-04-09T18:16:04","guid":{"rendered":"http:\/\/www.pasteris.it\/blog\/?p=25446"},"modified":"2011-04-10T09:34:15","modified_gmt":"2011-04-10T08:34:15","slug":"i-precari-del-giornalismo-in-marcia","status":"publish","type":"post","link":"https:\/\/www.pasteris.it\/blog\/2011\/04\/09\/i-precari-del-giornalismo-in-marcia\/","title":{"rendered":"I precari del giornalismo in marcia"},"content":{"rendered":"<p><a href=\"http:\/\/www.ilfattoquotidiano.it\/2011\/04\/09\/i-precari-del-giornalismo-in-marcia\/\" target=\"_blank\">Via il Fatto Quotidiano<\/a><\/p>\n<blockquote><p>Oggi <a href=\"http:\/\/www.ilfattoquotidiano.it\/2011\/04\/09\/da-roma-a-bruxelles-tutti-in-piazza-contro-la-precarieta\/103336\/\" target=\"_blank\"><strong>in decine di piazze d\u2019Italia<\/strong><\/a> stanno manifestando precari, disoccupati, sottoccupati, sfruttati.  Manifesteranno perch\u00e8 questo paese ritrovi giustizia, legalit\u00e0 e  dignit\u00e0.<\/p>\n<p>Il precariato \u00e8 un grave problema, ma in quanto tale non sarebbe  insormontabile. Diventa una minaccia all\u2019esistenza delle persone quando  insieme al precariato ci si imbatte nell\u2019<strong>illegalit\u00e0<\/strong> degli imprenditori, dei superiori gerarchici e spesso dei colleghi che  sfruttano, che vessano, che ricattano per mantenere alte le loro rendite  di denaro o prestigio, e per poter esercitare potere e per incutere  paura.\u00a0Si tratta di sfruttamento puro e crudo che sublima le  caratteristiche peggiori del precariato, \u00a0al cui confronto quello che si  stimmatizza nei paesi asiatici nel lavoro manuale \u00e8 poco di peggio,  poco di pi\u00f9 pietosamente schifoso.<\/p>\n<p><!--more--><br \/>\nOggi sfilano anche centinaia di <strong>giornalisti precari<\/strong>,  vessati, sfruttati. Professionisti giovani e meno giovani costretti a  fare vite d\u2019inferno per cercare di svolgere onestamente il loro lavoro.  Sfileranno urlando la loro rabbia e la loro indignazione per il vecchio  decrepito sistema dell\u2019informazione italiano, che continua a non capire  che sta morendo con i suoi errori e con le sue nefandezze. O forse  questo sistema sta coscientemente capendo di essere al suo <em>exitus <\/em>e  per cercare di tutelarsi, invece che accettare i tempi cambiati,  aggredisce ancora con maggiore veemenza i deboli, soprattutto quelli che  cercano di alzare la testa contro il sistema stesso.<\/p>\n<p>In questo scenario pu\u00f2 anche capitare di trovarsi con <strong>ordini professionali e sindacati regionali <\/strong>clamorosamente  infiltrati da rappresentanti degli sfruttatori e al soldo degli editori  esteticamente probi, ma concretamente truffaldini, che coprono,  nascondono, giustificano pur di salvare la loro vergognosa paghetta di  mezzi uomini.<\/p>\n<p>Il mondo dei giornalisti \u00e8 un mondo con <strong>straordinari professionisti mischiati con esseri indegni<\/strong>.  Questi ultimi sono peggio dei nostri politici, anzi fanno molto pi\u00f9  schifo dei nostri politici perch\u00e9 dietro a un algido trincerarsi dietro  deontologie e regole, portano avanti pietose consorterie e interessi  meschini.\u00a0Non sanno alzare la testa e non pensano neppure di farlo. Non  hanno neppure il coraggio di guardare negli occhi chi hanno di fronte  per l\u2019incapacit\u00e0 della loro espressione di nascondere la spazzatura che  si portano dentro. Sono quei giornalisti che in massa non hanno avuto il  coraggio di raccontare la storia di una loro <a href=\"http:\/\/www.ilfattoquotidiano.it\/2010\/11\/14\/entro-anchio-no-tu-no\/76927\/\" target=\"_blank\">collega che ha fatto lo sciopero della fame<\/a> per difendere la dignit\u00e0 del suo lavoro.<\/p>\n<p>Forse non si rendono conto che la loro fine \u00e8 vicina, vicinissima. Il  mondo \u00e8 cambiato e loro sono zombie come in un peggior film  dell\u2019orrore.\u00a0Le cose cambiano veloci. Fra poco in questo paese ci  saranno solo due partiti, anche se non vogliamo ancora dirlo: quello  degli onesti e quello dei disonesti. Il <strong>tappo sull\u2019informazione<\/strong> e sull\u2019inerzia del non denunciare gli abusi sta saltando.<\/p><\/blockquote>\n","protected":false},"excerpt":{"rendered":"<p>Via il Fatto Quotidiano Oggi in decine di piazze d\u2019Italia stanno manifestando precari, disoccupati, sottoccupati, sfruttati. Manifesteranno perch\u00e8 questo paese ritrovi giustizia, legalit\u00e0 e dignit\u00e0. Il precariato \u00e8 un grave problema, ma in quanto tale non sarebbe insormontabile. Diventa una minaccia all\u2019esistenza delle persone quando insieme al precariato ci si imbatte nell\u2019illegalit\u00e0 degli imprenditori, dei &#8230; <a title=\"I precari del giornalismo in marcia\" class=\"read-more\" href=\"https:\/\/www.pasteris.it\/blog\/2011\/04\/09\/i-precari-del-giornalismo-in-marcia\/\" aria-label=\"Per saperne di pi\u00f9 su I precari del giornalismo in marcia\">Leggi tutto<\/a><\/p>\n","protected":false},"author":3,"featured_media":0,"comment_status":"open","ping_status":"open","sticky":false,"template":"","format":"standard","meta":{"footnotes":""},"categories":[11,1,30],"tags":[160,1614,500],"class_list":["post-25446","post","type-post","status-publish","format-standard","hentry","category-diritti","category-politica","category-media","tag-giornalismo","tag-ilfatto","tag-precari"],"_links":{"self":[{"href":"https:\/\/www.pasteris.it\/blog\/wp-json\/wp\/v2\/posts\/25446","targetHints":{"allow":["GET"]}}],"collection":[{"href":"https:\/\/www.pasteris.it\/blog\/wp-json\/wp\/v2\/posts"}],"about":[{"href":"https:\/\/www.pasteris.it\/blog\/wp-json\/wp\/v2\/types\/post"}],"author":[{"embeddable":true,"href":"https:\/\/www.pasteris.it\/blog\/wp-json\/wp\/v2\/users\/3"}],"replies":[{"embeddable":true,"href":"https:\/\/www.pasteris.it\/blog\/wp-json\/wp\/v2\/comments?post=25446"}],"version-history":[{"count":4,"href":"https:\/\/www.pasteris.it\/blog\/wp-json\/wp\/v2\/posts\/25446\/revisions"}],"predecessor-version":[{"id":25465,"href":"https:\/\/www.pasteris.it\/blog\/wp-json\/wp\/v2\/posts\/25446\/revisions\/25465"}],"wp:attachment":[{"href":"https:\/\/www.pasteris.it\/blog\/wp-json\/wp\/v2\/media?parent=25446"}],"wp:term":[{"taxonomy":"category","embeddable":true,"href":"https:\/\/www.pasteris.it\/blog\/wp-json\/wp\/v2\/categories?post=25446"},{"taxonomy":"post_tag","embeddable":true,"href":"https:\/\/www.pasteris.it\/blog\/wp-json\/wp\/v2\/tags?post=25446"}],"curies":[{"name":"wp","href":"https:\/\/api.w.org\/{rel}","templated":true}]}}