{"id":25469,"date":"2011-04-10T23:15:58","date_gmt":"2011-04-10T22:15:58","guid":{"rendered":"http:\/\/www.pasteris.it\/blog\/?p=25469"},"modified":"2011-04-11T00:46:29","modified_gmt":"2011-04-10T23:46:29","slug":"modelli-in-transizione-nonnismo-delirante-e-un-giallo-di-documenti-spariti","status":"publish","type":"post","link":"https:\/\/www.pasteris.it\/blog\/2011\/04\/10\/modelli-in-transizione-nonnismo-delirante-e-un-giallo-di-documenti-spariti\/","title":{"rendered":"Modelli in transizione, nonnismo delirante e un giallo di documenti spariti"},"content":{"rendered":"<p><a href=\"http:\/\/mariotedeschini.blog.kataweb.it\/giornalismodaltri\/2011\/04\/04\/sindacato-giornalisti-ci-risiamo-con-la-concorrenza-quasi-sleale-della-rete-ai-giornali\/\" target=\"_blank\">Via Mario Tedeschini <\/a><\/p>\n<blockquote><p>Il problema vero, che i miei rappresentanti sindacali non sembrano  cogliere, \u00e8 che viviamo in una fase storica e culturale dove i modelli  economici e produttivi dell\u2019informazione cos\u00ec come li avevamo conosciuti  sono morti o stanno morendo. Ci pu\u00f2 non piacere, ci pu\u00f2 angustiare (e  personalmente non mi piace e mi angustia), ma \u00e8 la realt\u00e0. Una realt\u00e0,  peraltro, che in termini generali ha i suoi aspetti positivi perch\u00e9 \u00e8 la  realt\u00e0 di una maggiore libert\u00e0 per tutti di esprimersi e di raccontare,  non solo per i giornalisti. La rete non \u00e8 il problema del giornalismo  professionale, la rete \u00e8 l\u2019epifenomeno di una rivoluzione profonda e &#8211;  forse, se ci si mette d\u2019impegno &#8211; potrebbe essere parte della soluzione  per il futuro del giornalismo.<\/p>\n<p>Ma l\u2019altro equivoco che emerge dal documento \u00e8 che \u201cfuturo del  giornalismo\u201d sembra essere equivalente con \u201cfuturo dei giornali\u201d o,  peggio, \u201cdei giornalisti\u201d intesi come categoria chiusa e regolata dallo  Stato, per la cui sopravvivenza \u00e8 giusto e opportuno chiedere allo Stato  medesimo aiuto e sollievo, che \u00e8 poi lo scopo dell\u2019intero documento  presentato al Senato.<\/p>\n<p>[Ho detto &#8220;presentato&#8221;? Forse mi sono (chiss\u00e0, &#8220;quasi&#8221;&#8230;) sbagliato.  Infatti il 29 marzo sul sito della FNSI \u00e8 apparso un comunicato nel  quale si informava che una delegazione del sindacato,\u00a0 guidata dal  segretario Franco Siddi, era &#8220;stata sentita dalla  Commissione Lavoro del Senato, in ordine all\u2019 &#8216;indagine conoscitiva sul  trattamento normativo ed economico nel settore dell\u2019Editoria&#8217;.&#8221; e si  allegava il testo integrale della memoria. Quel comunicato e quel testo,  per\u00f2, non compaiono pi\u00f9 sul sito della Federazione, bench\u00e9 siano stati  ripresi da molti <a href=\"http:\/\/www.refusi.it\/fnsi\/franco-siddi-alla-commissione-dindagine-del-senato-anche-i-grandi-gruppi-editoriali-pagano-poco-i-freelance\/\" target=\"_self\">blog e siti di giornalismo <\/a>che per\u00f2 linkano a <a href=\"http:\/\/www.fnsi.it\/Esterne\/Fvedinews.asp?AKey=13068\" target=\"_self\">una pagina di errore<\/a>.\u00a0 Il testo comunque \u00e8 ancora consultabile <a href=\"http:\/\/webcache.googleusercontent.com\/search?q=cache:bWf08iI7cwQJ:www.fnsi.it\/Esterne\/Fvedinews.asp%3FAKey%3D13068+concorrenza+quasi+sleale&amp;cd=2&amp;hl=en&amp;ct=clnk&amp;client=firefox-a&amp;source=www.google.com\" target=\"_self\">nella cache di Google<\/a>, e sulla \u00a0<a href=\"http:\/\/www.facebook.com\/notes\/giornalisti-precari-e-freelance-del-friuli-venezia-giulia\/memoria-della-fnsi-al-senato-su-editoria-lavoro-giornalistico-precari-e-freelanc\/212375922107100\">pagina di Facebook dei Giornalisti precari e freelance del Friuli Venezia Giulia<\/a>. L&#8217;audizione c&#8217;\u00e8 stata e il sito del Senato ne offre il <a href=\"http:\/\/www.senato.it\/japp\/bgt\/showdoc\/frame.jsp?tipodoc=SommComm&amp;leg=16&amp;id=528531\" target=\"_self\">resoconto sommario<\/a> privo della memoria eventualmente allegata, e non compare invece nulla di nulla<a href=\"http:\/\/www.senato.it\/commissioni\/4573\/106766\/311927\/sommarioindagini.htm\" target=\"_self\"> sulla pagina che aggrega i contenuti della Indagine conoscitiva <\/a>in questione. <!--more--><\/p>\n<p>Tutto ci\u00f2 non vuol dire, naturalmente, che il problema del precariato  non sia drammatico. Questa frase della memoria \u201cfantasma\u201d descrive, per  esempio, assai bene il fenomeno:<\/p>\n<p>Sempre pi\u00f9 i giornalisti lavoratori subordinati sono  coloro che lavorano  al desk nelle redazioni obbligati a rivedere testi  provenienti  dall\u2019esterno e a gestire l\u2019enorme flusso informativo che  attraverso le  agenzie e la rete invade quotidianamente le redazioni,  mentre i  freelance finiscono per essere i giornalisti che hanno un  rapporto  immediato e diretto con la notizia, che seguono i fatti e li  raccontano:  un pericoloso fenomeno di divaricazione della professione.<\/p>\n<p>Ma questo non \u00e8 un problema che nasce \u201ccon Internet\u201d, nasce per lo  meno dalla met\u00e0 degli anni Ottanta. E\u2019 da allora che nelle redazioni si  assiste al paradosso dei \u201ccollaboratori\u201d supersfruttati che portano le  notizie, alle \u201cfile\u201d per essere assunti dopo un tot di lavoro nero e  alla trasformazione \u201csedentaria\u201d di quelli finalmente assunti. E\u2019 certo  responsabilit\u00e0 degli editori, ma non vedere le parallele responsabilit\u00e0  di una cultura redazionale da sempre in preda al \u201cnonnismo\u201d vuol dire  nascondersi una parte importantissima della realt\u00e0. Cos\u00ec come l\u2019idea che  ha voluto i quotidiani, negli ultimi 25 anni, il luogo del dibattito  \u201csulle\u201d notizie piuttosto che il luogo della ricerca e della  comunicazione \u201cdelle\u201d notizie. Le notizie erano un dato quasi esterno,  per questo sempre pi\u00f9 appaltate ad agenzie, tv e &#8211; appunto &#8211;  collaboratori. Eventuali misure legislative potranno forse dare una mano  esternamente, ma difficilemente contribuiranno a \u201ccambiare la testa\u201d di  direttori e caporedattori. Specie se a questi si continua a propinare  la favola che i loro problemi possono (forse, \u201cquasi\u201d, non si sa\u2026)  essere dovuti alla concorrenza sleale del nemico di tutti, la malvagia  \u201cInternet\u201d.<\/p><\/blockquote>\n","protected":false},"excerpt":{"rendered":"<p>Via Mario Tedeschini Il problema vero, che i miei rappresentanti sindacali non sembrano cogliere, \u00e8 che viviamo in una fase storica e culturale dove i modelli economici e produttivi dell\u2019informazione cos\u00ec come li avevamo conosciuti sono morti o stanno morendo. Ci pu\u00f2 non piacere, ci pu\u00f2 angustiare (e personalmente non mi piace e mi angustia), &#8230; <a title=\"Modelli in transizione, nonnismo delirante e un giallo di documenti spariti\" class=\"read-more\" href=\"https:\/\/www.pasteris.it\/blog\/2011\/04\/10\/modelli-in-transizione-nonnismo-delirante-e-un-giallo-di-documenti-spariti\/\" aria-label=\"Per saperne di pi\u00f9 su Modelli in transizione, nonnismo delirante e un giallo di documenti spariti\">Leggi tutto<\/a><\/p>\n","protected":false},"author":3,"featured_media":0,"comment_status":"open","ping_status":"open","sticky":false,"template":"","format":"standard","meta":{"footnotes":""},"categories":[30,32],"tags":[161],"class_list":["post-25469","post","type-post","status-publish","format-standard","hentry","category-media","category-pensieri","tag-giornalisti"],"_links":{"self":[{"href":"https:\/\/www.pasteris.it\/blog\/wp-json\/wp\/v2\/posts\/25469","targetHints":{"allow":["GET"]}}],"collection":[{"href":"https:\/\/www.pasteris.it\/blog\/wp-json\/wp\/v2\/posts"}],"about":[{"href":"https:\/\/www.pasteris.it\/blog\/wp-json\/wp\/v2\/types\/post"}],"author":[{"embeddable":true,"href":"https:\/\/www.pasteris.it\/blog\/wp-json\/wp\/v2\/users\/3"}],"replies":[{"embeddable":true,"href":"https:\/\/www.pasteris.it\/blog\/wp-json\/wp\/v2\/comments?post=25469"}],"version-history":[{"count":2,"href":"https:\/\/www.pasteris.it\/blog\/wp-json\/wp\/v2\/posts\/25469\/revisions"}],"predecessor-version":[{"id":25478,"href":"https:\/\/www.pasteris.it\/blog\/wp-json\/wp\/v2\/posts\/25469\/revisions\/25478"}],"wp:attachment":[{"href":"https:\/\/www.pasteris.it\/blog\/wp-json\/wp\/v2\/media?parent=25469"}],"wp:term":[{"taxonomy":"category","embeddable":true,"href":"https:\/\/www.pasteris.it\/blog\/wp-json\/wp\/v2\/categories?post=25469"},{"taxonomy":"post_tag","embeddable":true,"href":"https:\/\/www.pasteris.it\/blog\/wp-json\/wp\/v2\/tags?post=25469"}],"curies":[{"name":"wp","href":"https:\/\/api.w.org\/{rel}","templated":true}]}}