{"id":25511,"date":"2011-04-12T09:37:25","date_gmt":"2011-04-12T08:37:25","guid":{"rendered":"http:\/\/www.pasteris.it\/blog\/?p=25511"},"modified":"2011-04-12T09:37:25","modified_gmt":"2011-04-12T08:37:25","slug":"saviano-apre-il-festival-del-giornalismo-2011","status":"publish","type":"post","link":"https:\/\/www.pasteris.it\/blog\/2011\/04\/12\/saviano-apre-il-festival-del-giornalismo-2011\/","title":{"rendered":"Saviano apre il Festival del Giornalismo 2011"},"content":{"rendered":"<p><img loading=\"lazy\" decoding=\"async\" class=\"alignright\" src=\"http:\/\/www.pasteris.it\/blog\/wp-content\/uploads\/2011\/04\/banner_perugia.jpg\" alt=\"\" width=\"300\" height=\"109\" \/>Sar\u00e0 Roberto Saviano ad aprire il <a href=\"http:\/\/www.festivaldelgiornalismo.com\/\" target=\"_blank\">Festival Internazionale del Giornalismo <\/a>marted\u00ec 12 aprile alle ore 21.00 al Teatro Pavone con un intervento dal titolo: Ti opponi? Sarai delegittimato. Come riconoscere e fermare la macchina del fango<\/p>\n<p>\u201cSpesso mi si chiede come sia possibile che delle parole possano  mettere in crisi organizzazioni criminali potenti. In verit\u00e0 ci\u00f2 che  spaventa \u00e8 che tutti possano d\u2019improvviso avere la possibilit\u00e0 di capire  come vanno le cose. Avere gli strumenti che svelino quel che sta  dietro\u201d. La diffamazione \u2013 ha detto Saviano \u2013 \u00e8 stata sempre al centro della  mia ricerca perch\u00e9 sono nato in una terra in cui chiunque decida di  ostacolare il potere criminale viene diffamato.\u201d L\u2019incontro sar\u00e0 in diretta su SkyTg24 e la Repubblica.it.<\/p>\n<p>Molto pi\u00f9 modestamente<a href=\"http:\/\/www.festivaldelgiornalismo.com\/journalism-lab\/\" target=\"_blank\"> si parte domani con il Journalism Lab 2011 <\/a>: 9 appuntamenti scoppiettanti.<br \/>\nCi si vede a Perugia. Intervenite numerosi.<\/p>\n<p>&nbsp;<\/p>\n","protected":false},"excerpt":{"rendered":"<p>Sar\u00e0 Roberto Saviano ad aprire il Festival Internazionale del Giornalismo marted\u00ec 12 aprile alle ore 21.00 al Teatro Pavone con un intervento dal titolo: Ti opponi? Sarai delegittimato. Come riconoscere e fermare la macchina del fango \u201cSpesso mi si chiede come sia possibile che delle parole possano mettere in crisi organizzazioni criminali potenti. In verit\u00e0 &#8230; <a title=\"Saviano apre il Festival del Giornalismo 2011\" class=\"read-more\" href=\"https:\/\/www.pasteris.it\/blog\/2011\/04\/12\/saviano-apre-il-festival-del-giornalismo-2011\/\" aria-label=\"Per saperne di pi\u00f9 su Saviano apre il Festival del Giornalismo 2011\">Leggi tutto<\/a><\/p>\n","protected":false},"author":3,"featured_media":0,"comment_status":"open","ping_status":"open","sticky":false,"template":"","format":"standard","meta":{"footnotes":""},"categories":[28,30,32],"tags":[652,160,1619,653],"class_list":["post-25511","post","type-post","status-publish","format-standard","hentry","category-eventi","category-media","category-pensieri","tag-festival-del-giornalismo","tag-giornalismo","tag-ijf11","tag-perugia"],"_links":{"self":[{"href":"https:\/\/www.pasteris.it\/blog\/wp-json\/wp\/v2\/posts\/25511","targetHints":{"allow":["GET"]}}],"collection":[{"href":"https:\/\/www.pasteris.it\/blog\/wp-json\/wp\/v2\/posts"}],"about":[{"href":"https:\/\/www.pasteris.it\/blog\/wp-json\/wp\/v2\/types\/post"}],"author":[{"embeddable":true,"href":"https:\/\/www.pasteris.it\/blog\/wp-json\/wp\/v2\/users\/3"}],"replies":[{"embeddable":true,"href":"https:\/\/www.pasteris.it\/blog\/wp-json\/wp\/v2\/comments?post=25511"}],"version-history":[{"count":1,"href":"https:\/\/www.pasteris.it\/blog\/wp-json\/wp\/v2\/posts\/25511\/revisions"}],"predecessor-version":[{"id":25520,"href":"https:\/\/www.pasteris.it\/blog\/wp-json\/wp\/v2\/posts\/25511\/revisions\/25520"}],"wp:attachment":[{"href":"https:\/\/www.pasteris.it\/blog\/wp-json\/wp\/v2\/media?parent=25511"}],"wp:term":[{"taxonomy":"category","embeddable":true,"href":"https:\/\/www.pasteris.it\/blog\/wp-json\/wp\/v2\/categories?post=25511"},{"taxonomy":"post_tag","embeddable":true,"href":"https:\/\/www.pasteris.it\/blog\/wp-json\/wp\/v2\/tags?post=25511"}],"curies":[{"name":"wp","href":"https:\/\/api.w.org\/{rel}","templated":true}]}}