{"id":25613,"date":"2011-04-21T07:11:01","date_gmt":"2011-04-21T06:11:01","guid":{"rendered":"http:\/\/www.pasteris.it\/blog\/?p=25613"},"modified":"2011-04-21T07:11:01","modified_gmt":"2011-04-21T06:11:01","slug":"biliogiornalismo","status":"publish","type":"post","link":"https:\/\/www.pasteris.it\/blog\/2011\/04\/21\/biliogiornalismo\/","title":{"rendered":"Biliogiornalismo"},"content":{"rendered":"<p><a href=\"http:\/\/www.lettera43.it\/attualita\/13608\/giornalismo-da-billionaire.htm\" target=\"_blank\">Via Lettera 43<\/a><\/p>\n<blockquote><p>Anche al festival del giornalismo di Perugia, quindi anche a casa di  chi crede nell&#8217;informazione \u201cschiena diritta\u201d, s\u00ec \u00e8 fatto sentire un  fenomeno che sembra il contrappasso inaggirabile della cultura liquida.  La briatorizzazione, la billionairizzazione, quella che i semiologi  chiamano, da \u201cvedette\u201d, \u201cvedettizzazione\u201d. Quel fenomeno tipico degli  avventori del locale di Flavio Briatore, il Billionaire, che fa s\u00ec che  si vada in un posto a vedere il personaggio, qualsiasi personaggio,  purch\u00e9 famoso.<br \/>\nScena tipica: Filippo Facci  che gira per i fatti suoi, un ammiratore l&#8217;incontra, gli fa i  complimenti e poi gli dice: \u00abE mi raccomando, mi saluti tanto il suo  direttore Feltri\u00bb. Non tutti sanno che Facci e Vittorio Feltri non vanno  d&#8217;accordissimo, si sono anche scritti articoli feroci l&#8217;uno contro  l&#8217;altro. Ma ognuno tiene a dire qualcosa alla star appena incontrata.<\/p>\n<p><!--more-->E Luca Sofri sul <em>Post<\/em>, ha raccontato i lati belli del festival  perugino. Il fatto per esempio che molti dei protagonisti avessero meno  di cinquant&#8217;anni. Ma uno dei <em>collateral damage<\/em> era anche il  fatto che, anche nel regno di un risveglio culturale a quanto sembra  imminente e progressivo, ci fosse anche un po&#8217; di vedettizzazione o  billionairizzazione. Segno dei tempi. Forse inevitabile. Per esempio  Paola Caruso, la precaria del <em>Corriere della Sera<\/em> che nel  dicembre 2010 ha fatto lo sciopero della fame, in quel periodo ha  ricevuto un migliaio di mail al giorno (parecchie di insulti e  parolacce) e almeno una ventina di lettere d&#8217;amore.<br \/>\nPerfino la proposta di un cuoco  professionista che si offriva, per convincerla a mangiare, di cucinare  regolarmente per lei. Ma quando, intervenendo al dibattito al festival  perugino, si \u00e8 chiesta come mai la figura del collaboratore non venisse  contemplata nel contratto di categoria, le parole sono cadute nel nulla.  Risposte zero. Come i commenti.<\/p>\n<p>\u00abAl festival del giornalismo succede quello che succede anche ai festival della letteratura\u00bb racconta a <em>Lettera43.it<\/em> il semiologo e docente alla Iulm di Milano Paolo Fabbri. \u00abLa gente va  ad ascoltare lo scrittore, e gli interessa poco del libro che ha  scritto\u00bb.<br \/>\nIl culto della personalit\u00e0 trasportato dall&#8217;ambito politico, per  esempio Mahatma Ghandi, Joseph Stalin, Benito Mussolini di cui parlava  un bel gruppo rock, i Living Colour, a quello estetico. Ma, sostiene  Fabbri: \u00abNel giornalismo questo diventa un problema pi\u00f9 serio, perch\u00e9 il  giornalista dovrebbe avere criteri di obiettivit\u00e0 \u201csuperiori\u201d. Invece  il giornalista diventa opinionista: conta sempre pi\u00f9 lui e sempre meno  quello che dice\u00bb.<\/p>\n<p>E da qui le code per ascoltare Beppe Severgnini mentre fa Beppe  Severgnini, Marco Travaglio perch\u00e9 fa Marco Travaglio, Bill Emmott  perch\u00e8 billemmoteggia e via novellando. Un processo di auto citazione  che \u00e8 n\u00e9 pi\u00f9 e n\u00e9 meno antinformativo. \u00abLa differenza classica che si fa  tra i semiologi \u00e8 questa\u00bb continua Fabbri. \u00abUna cosa \u00e8 dire \u201cpiove\u201d,  un&#8217;altra \u00e8 affermare: \u201cio dico che piove\u201d. La prima \u00e8 un fatto  oggettivo, la seconda \u00e8 un fatto soggettivo, come per esempio succede  agli inviati speciali, che la usano per dare un tono di testimonianza al  discorso. Ma la fase successiva \u00e8 quella dell&#8217;opinionismo. Ed \u00e8 quella  in cui il contenuto perde ogni rilevanza\u00bb.<\/p><\/blockquote>\n","protected":false},"excerpt":{"rendered":"<p>Via Lettera 43 Anche al festival del giornalismo di Perugia, quindi anche a casa di chi crede nell&#8217;informazione \u201cschiena diritta\u201d, s\u00ec \u00e8 fatto sentire un fenomeno che sembra il contrappasso inaggirabile della cultura liquida. La briatorizzazione, la billionairizzazione, quella che i semiologi chiamano, da \u201cvedette\u201d, \u201cvedettizzazione\u201d. Quel fenomeno tipico degli avventori del locale di Flavio &#8230; <a title=\"Biliogiornalismo\" class=\"read-more\" href=\"https:\/\/www.pasteris.it\/blog\/2011\/04\/21\/biliogiornalismo\/\" aria-label=\"Per saperne di pi\u00f9 su Biliogiornalismo\">Leggi tutto<\/a><\/p>\n","protected":false},"author":3,"featured_media":0,"comment_status":"open","ping_status":"open","sticky":false,"template":"","format":"standard","meta":{"footnotes":""},"categories":[30],"tags":[652,160,653],"class_list":["post-25613","post","type-post","status-publish","format-standard","hentry","category-media","tag-festival-del-giornalismo","tag-giornalismo","tag-perugia"],"_links":{"self":[{"href":"https:\/\/www.pasteris.it\/blog\/wp-json\/wp\/v2\/posts\/25613","targetHints":{"allow":["GET"]}}],"collection":[{"href":"https:\/\/www.pasteris.it\/blog\/wp-json\/wp\/v2\/posts"}],"about":[{"href":"https:\/\/www.pasteris.it\/blog\/wp-json\/wp\/v2\/types\/post"}],"author":[{"embeddable":true,"href":"https:\/\/www.pasteris.it\/blog\/wp-json\/wp\/v2\/users\/3"}],"replies":[{"embeddable":true,"href":"https:\/\/www.pasteris.it\/blog\/wp-json\/wp\/v2\/comments?post=25613"}],"version-history":[{"count":2,"href":"https:\/\/www.pasteris.it\/blog\/wp-json\/wp\/v2\/posts\/25613\/revisions"}],"predecessor-version":[{"id":25615,"href":"https:\/\/www.pasteris.it\/blog\/wp-json\/wp\/v2\/posts\/25613\/revisions\/25615"}],"wp:attachment":[{"href":"https:\/\/www.pasteris.it\/blog\/wp-json\/wp\/v2\/media?parent=25613"}],"wp:term":[{"taxonomy":"category","embeddable":true,"href":"https:\/\/www.pasteris.it\/blog\/wp-json\/wp\/v2\/categories?post=25613"},{"taxonomy":"post_tag","embeddable":true,"href":"https:\/\/www.pasteris.it\/blog\/wp-json\/wp\/v2\/tags?post=25613"}],"curies":[{"name":"wp","href":"https:\/\/api.w.org\/{rel}","templated":true}]}}