{"id":25694,"date":"2011-04-26T21:53:34","date_gmt":"2011-04-26T20:53:34","guid":{"rendered":"http:\/\/www.pasteris.it\/blog\/?p=25694"},"modified":"2011-04-26T21:26:47","modified_gmt":"2011-04-26T20:26:47","slug":"giornalisti-ordine-ed-editori-3","status":"publish","type":"post","link":"https:\/\/www.pasteris.it\/blog\/2011\/04\/26\/giornalisti-ordine-ed-editori-3\/","title":{"rendered":"Giornalisti, Ordine ed editori (3)"},"content":{"rendered":"<p><a href=\"http:\/\/www.mantellini.it\/?p=12897\">Via Massimo Mantellini<\/a><\/p>\n<blockquote><p>\nMeglio scrivere sul web che sulla carta, meglio scrivere per i propri lettori che per il proprio editore. Esiste per\u00f2 un grosso tuttavia. Il percorso verso una personale visibilit\u00e0, che \u00e8 la scusa di Arianna Huffington e di molti altri per drenare contenuti gratis in rete, esiste, ma transita spesso al di fuori della leva economica dei furboni del web. Non \u00e8 possibile oggi in Italia sostenersi economicamente dentro questo percorso di crescita personale e non ha senso essere sfruttati dall\u2019industria editoriale, nuova o vecchia che sia, per 5 euro a pezzo. Non dico che partire da l\u00ec per andare altrove sia impossibile ma \u00e8 scorretto anche solo proporlo ai tanti giovani dalla belle speranze che affollano scuole di giornalismo, siti web e redazioni. Ed \u00e8 comunque molto improbabile. Tanto improbabile quanto essere notati in rete per le cose che si scrive ed essere invitati a continuare a fare le stesse cose dietro adeguata onesta retribuzione.<\/p><\/blockquote>\n","protected":false},"excerpt":{"rendered":"<p>Via Massimo Mantellini Meglio scrivere sul web che sulla carta, meglio scrivere per i propri lettori che per il proprio editore. Esiste per\u00f2 un grosso tuttavia. Il percorso verso una personale visibilit\u00e0, che \u00e8 la scusa di Arianna Huffington e di molti altri per drenare contenuti gratis in rete, esiste, ma transita spesso al di &#8230; <a title=\"Giornalisti, Ordine ed editori (3)\" class=\"read-more\" href=\"https:\/\/www.pasteris.it\/blog\/2011\/04\/26\/giornalisti-ordine-ed-editori-3\/\" aria-label=\"Per saperne di pi\u00f9 su Giornalisti, Ordine ed editori (3)\">Leggi tutto<\/a><\/p>\n","protected":false},"author":3,"featured_media":0,"comment_status":"open","ping_status":"open","sticky":false,"template":"","format":"standard","meta":{"footnotes":""},"categories":[1,30],"tags":[2157,161],"class_list":["post-25694","post","type-post","status-publish","format-standard","hentry","category-politica","category-media","tag-blog","tag-giornalisti"],"_links":{"self":[{"href":"https:\/\/www.pasteris.it\/blog\/wp-json\/wp\/v2\/posts\/25694","targetHints":{"allow":["GET"]}}],"collection":[{"href":"https:\/\/www.pasteris.it\/blog\/wp-json\/wp\/v2\/posts"}],"about":[{"href":"https:\/\/www.pasteris.it\/blog\/wp-json\/wp\/v2\/types\/post"}],"author":[{"embeddable":true,"href":"https:\/\/www.pasteris.it\/blog\/wp-json\/wp\/v2\/users\/3"}],"replies":[{"embeddable":true,"href":"https:\/\/www.pasteris.it\/blog\/wp-json\/wp\/v2\/comments?post=25694"}],"version-history":[{"count":2,"href":"https:\/\/www.pasteris.it\/blog\/wp-json\/wp\/v2\/posts\/25694\/revisions"}],"predecessor-version":[{"id":25696,"href":"https:\/\/www.pasteris.it\/blog\/wp-json\/wp\/v2\/posts\/25694\/revisions\/25696"}],"wp:attachment":[{"href":"https:\/\/www.pasteris.it\/blog\/wp-json\/wp\/v2\/media?parent=25694"}],"wp:term":[{"taxonomy":"category","embeddable":true,"href":"https:\/\/www.pasteris.it\/blog\/wp-json\/wp\/v2\/categories?post=25694"},{"taxonomy":"post_tag","embeddable":true,"href":"https:\/\/www.pasteris.it\/blog\/wp-json\/wp\/v2\/tags?post=25694"}],"curies":[{"name":"wp","href":"https:\/\/api.w.org\/{rel}","templated":true}]}}