{"id":2587,"date":"2007-11-21T10:01:13","date_gmt":"2007-11-21T08:01:13","guid":{"rendered":"http:\/\/www.pasteris.it\/blog\/2007\/11\/21\/oggi-le-comiche\/"},"modified":"2007-11-21T10:01:13","modified_gmt":"2007-11-21T08:01:13","slug":"oggi-le-comiche","status":"publish","type":"post","link":"https:\/\/www.pasteris.it\/blog\/2007\/11\/21\/oggi-le-comiche\/","title":{"rendered":"Oggi le comiche"},"content":{"rendered":"<p><img loading=\"lazy\" decoding=\"async\" src=\"http:\/\/cronologia.leonardo.it\/storia\/biografie\/savoia8.jpg\" align=\"right\" height=\"181\" width=\"166\" \/>L&#8217;ANSA comunica che<\/p>\n<p>I Savoia chiedono i danni allo stato italiano: \u00e8 quanto risulta da un servizio che andr\u00e0 in onda a Ballar\u00f2. 170 milioni di euro \u00e8 la richiesta di Vittorio Emanuele, 90 milioni quella di suo figlio Emanuele Filiberto, pi\u00f9 gli interessi. Inoltre i Savoia vogliono la restituzione dei beni confiscati dallo Stato al momento della nascita della Repubblica Italiana.<\/p>\n<p>La richiesta &#8211; informano gli autori della trasmissione &#8211; \u00e8 arrivata circa 20 giorni fa con una lettera di sette pagine inviata al Presidente della Repubblica Giorgio Napolitano e al Presidente del Consiglio Romano Prodi dai legali dei Savoia Calvetti e Murgia. <!--more--><\/p>\n<p>Tra i motivi della richiesta di risarcimento illustrati nella lettera e spiegati da Emanuele Filiberto in un&#8217;intervista all&#8217;interno del servizio ci sono i danni morali dovuti alla violazione dei diritti fondamentali dell&#8217;uomo stabiliti dalla Convenzione Europea per i 54 anni di esilio dei Savoia sanciti dalla Costituzione Italiana. Il segretario generale della presidenza del consiglio Carlo Malinconico spiega, secondo quanto anticipano i responsabili di Ballar\u00f2, che il Governo non solo non ritiene di dover pagare nulla ai Savoia ma che pensa di chiedere a sua volta i danni all&#8217;ex famiglia reale per le responsabilit\u00e0 legate alle note vicende storiche.<\/p>\n","protected":false},"excerpt":{"rendered":"<p>L&#8217;ANSA comunica che I Savoia chiedono i danni allo stato italiano: \u00e8 quanto risulta da un servizio che andr\u00e0 in onda a Ballar\u00f2. 170 milioni di euro \u00e8 la richiesta di Vittorio Emanuele, 90 milioni quella di suo figlio Emanuele Filiberto, pi\u00f9 gli interessi. Inoltre i Savoia vogliono la restituzione dei beni confiscati dallo Stato &#8230; <a title=\"Oggi le comiche\" class=\"read-more\" href=\"https:\/\/www.pasteris.it\/blog\/2007\/11\/21\/oggi-le-comiche\/\" aria-label=\"Per saperne di pi\u00f9 su Oggi le comiche\">Leggi tutto<\/a><\/p>\n","protected":false},"author":4,"featured_media":0,"comment_status":"open","ping_status":"open","sticky":false,"template":"","format":"standard","meta":{"footnotes":""},"categories":[],"tags":[435,2158,165,61,239,547,275,284,289,472,26],"class_list":["post-2587","post","type-post","status-publish","format-standard","hentry","tag-costituzione","tag-diritti","tag-governo","tag-italia","tag-napoli","tag-napolitano","tag-prodi","tag-repubblica","tag-roma","tag-savoia","tag-vittorio"],"_links":{"self":[{"href":"https:\/\/www.pasteris.it\/blog\/wp-json\/wp\/v2\/posts\/2587","targetHints":{"allow":["GET"]}}],"collection":[{"href":"https:\/\/www.pasteris.it\/blog\/wp-json\/wp\/v2\/posts"}],"about":[{"href":"https:\/\/www.pasteris.it\/blog\/wp-json\/wp\/v2\/types\/post"}],"author":[{"embeddable":true,"href":"https:\/\/www.pasteris.it\/blog\/wp-json\/wp\/v2\/users\/4"}],"replies":[{"embeddable":true,"href":"https:\/\/www.pasteris.it\/blog\/wp-json\/wp\/v2\/comments?post=2587"}],"version-history":[{"count":0,"href":"https:\/\/www.pasteris.it\/blog\/wp-json\/wp\/v2\/posts\/2587\/revisions"}],"wp:attachment":[{"href":"https:\/\/www.pasteris.it\/blog\/wp-json\/wp\/v2\/media?parent=2587"}],"wp:term":[{"taxonomy":"category","embeddable":true,"href":"https:\/\/www.pasteris.it\/blog\/wp-json\/wp\/v2\/categories?post=2587"},{"taxonomy":"post_tag","embeddable":true,"href":"https:\/\/www.pasteris.it\/blog\/wp-json\/wp\/v2\/tags?post=2587"}],"curies":[{"name":"wp","href":"https:\/\/api.w.org\/{rel}","templated":true}]}}