{"id":25989,"date":"2011-05-17T17:11:29","date_gmt":"2011-05-17T15:11:29","guid":{"rendered":"http:\/\/www.pasteris.it\/blog\/?p=25989"},"modified":"2011-05-17T17:20:13","modified_gmt":"2011-05-17T15:20:13","slug":"il-fenomeno-manuele-madalon-uomo-dellanno-assolutamente-finto","status":"publish","type":"post","link":"https:\/\/www.pasteris.it\/blog\/2011\/05\/17\/il-fenomeno-manuele-madalon-uomo-dellanno-assolutamente-finto\/","title":{"rendered":"Il fenomeno Manuele Madalon uomo dell&#8217;anno assolutamente finto"},"content":{"rendered":"<p><a href=\"http:\/\/www.salonelibro.it\/it\/salone\/storia\/biografie-ospiti\/ospiti-2011\/73-m\/11180-manuele-madalon.html\">Manuele Madalon<\/a>, finto autore del finto libro &#8220;l&#8217;Implosione&#8221; ha contattato diversi VIP del Salone del Libro, ringraziandoli per aver letto la sua opera prima (inesistente). <a href=\"http:\/\/www.salonelibro.it\/it\/organizza-la-visita\/programma\/details\/3397-limplosione-incontro-con-manuele-madalon-proposte-espositori.html\">Al suo libro (finto) \u00e8 stato anche dedicato un evento del Salone<\/a>. Sull&#8217;evento sono partiti i dovuti comunicati stampa e cos\u00ec si \u00e8 arrivati alle recensioni, ai consigli e alle valutazioni sul nulla (editoriale). Un video da non perdere. Spiegando nel concreto quello che Andrea Bajani ha definito con un neologismo la &#8220;Madalonizzazione&#8221;.<\/p>\n<p><object width=\"560\" height=\"349\"><param name=\"movie\" value=\"http:\/\/www.youtube.com\/v\/yNX3JbqbliI?fs=1&amp;hl=it_IT\" \/><param name=\"allowFullScreen\" value=\"true\" \/><param name=\"allowscriptaccess\" value=\"always\" \/><embed type=\"application\/x-shockwave-flash\" width=\"560\" height=\"349\" src=\"http:\/\/www.youtube.com\/v\/yNX3JbqbliI?fs=1&amp;hl=it_IT\" allowscriptaccess=\"always\" allowfullscreen=\"true\"><\/embed><\/object><\/p>\n<p><a href=\"http:\/\/futura.unito.it\/blog\/2011\/05\/17\/falso-scrittore-inganna-sgarbi-e-annunziata-al-salone-del-libro\/\" target=\"_blank\">Madalon \u00e8 nella vita vera Gabriele Madala<\/a>, giornalista e studente del Master in giornalismo dell&#8217;universit\u00e0 di Torino.<\/p>\n","protected":false},"excerpt":{"rendered":"<p>Manuele Madalon, finto autore del finto libro &#8220;l&#8217;Implosione&#8221; ha contattato diversi VIP del Salone del Libro, ringraziandoli per aver letto la sua opera prima (inesistente). Al suo libro (finto) \u00e8 stato anche dedicato un evento del Salone. Sull&#8217;evento sono partiti i dovuti comunicati stampa e cos\u00ec si \u00e8 arrivati alle recensioni, ai consigli e alle &#8230; <a title=\"Il fenomeno Manuele Madalon uomo dell&#8217;anno assolutamente finto\" class=\"read-more\" href=\"https:\/\/www.pasteris.it\/blog\/2011\/05\/17\/il-fenomeno-manuele-madalon-uomo-dellanno-assolutamente-finto\/\" aria-label=\"Per saperne di pi\u00f9 su Il fenomeno Manuele Madalon uomo dell&#8217;anno assolutamente finto\">Leggi tutto<\/a><\/p>\n","protected":false},"author":3,"featured_media":0,"comment_status":"open","ping_status":"open","sticky":false,"template":"","format":"standard","meta":{"footnotes":""},"categories":[30,32,14],"tags":[198,2160],"class_list":["post-25989","post","type-post","status-publish","format-standard","hentry","category-media","category-pensieri","category-torino","tag-libri","tag-torino"],"_links":{"self":[{"href":"https:\/\/www.pasteris.it\/blog\/wp-json\/wp\/v2\/posts\/25989","targetHints":{"allow":["GET"]}}],"collection":[{"href":"https:\/\/www.pasteris.it\/blog\/wp-json\/wp\/v2\/posts"}],"about":[{"href":"https:\/\/www.pasteris.it\/blog\/wp-json\/wp\/v2\/types\/post"}],"author":[{"embeddable":true,"href":"https:\/\/www.pasteris.it\/blog\/wp-json\/wp\/v2\/users\/3"}],"replies":[{"embeddable":true,"href":"https:\/\/www.pasteris.it\/blog\/wp-json\/wp\/v2\/comments?post=25989"}],"version-history":[{"count":3,"href":"https:\/\/www.pasteris.it\/blog\/wp-json\/wp\/v2\/posts\/25989\/revisions"}],"predecessor-version":[{"id":25992,"href":"https:\/\/www.pasteris.it\/blog\/wp-json\/wp\/v2\/posts\/25989\/revisions\/25992"}],"wp:attachment":[{"href":"https:\/\/www.pasteris.it\/blog\/wp-json\/wp\/v2\/media?parent=25989"}],"wp:term":[{"taxonomy":"category","embeddable":true,"href":"https:\/\/www.pasteris.it\/blog\/wp-json\/wp\/v2\/categories?post=25989"},{"taxonomy":"post_tag","embeddable":true,"href":"https:\/\/www.pasteris.it\/blog\/wp-json\/wp\/v2\/tags?post=25989"}],"curies":[{"name":"wp","href":"https:\/\/api.w.org\/{rel}","templated":true}]}}