{"id":26063,"date":"2011-05-24T11:01:17","date_gmt":"2011-05-24T09:01:17","guid":{"rendered":"http:\/\/www.pasteris.it\/blog\/?p=26063"},"modified":"2011-05-24T11:01:17","modified_gmt":"2011-05-24T09:01:17","slug":"firstonline-lesperienza-digitale-in-economia","status":"publish","type":"post","link":"https:\/\/www.pasteris.it\/blog\/2011\/05\/24\/firstonline-lesperienza-digitale-in-economia\/","title":{"rendered":"FirstOnline: l&#8217;esperienza digitale in economia"},"content":{"rendered":"<p><a href=\"http:\/\/www.ilsole24ore.com\/art\/notizie\/2011-05-23\/nasce-firstonline-nuovo-quotidiano-175325.shtml?uuid=AanplqZD\" target=\"_blank\">Via Il Sole 24 Ore<\/a><\/p>\n<blockquote><p>\u00c8 in rete da questa mattina FirstOnline, testata indipendente che si  propone di fare informazione di qualit\u00e0 e di servizio sull&#8217;economia e la  finanza, edita da AL Iniziative Editoriali, fondata e controllata da  Ernesto Auci e Franco Locatelli. \u00abLa principale scommessa di FirstOnline  &#8211; si legge sull&#8217;editoriale di Franco Locatelli &#8211; si giocher\u00e0  sull&#8217;affidabilit\u00e0. Oggi <a href=\"http:\/\/www.ilsole24ore.com\/art\/economia\/2011-04-28\/leconomia-digitale-vale-fino-230523.shtml?uuid=Aaf0YlSD&amp;fromSearch\">sulla rete possono scrivere tutti<\/a>,  ma la libert\u00e0 senza regole nasconde mille insidie e la difficolt\u00e0 di  distinguere il vero dal falso, l&#8217;essenziale dal superfluo. Ecco perch\u00e9  il nostro non sar\u00e0 n\u00e9 un giornale di puro pettegolezzo n\u00e9 di bufale  interessate, ma un giornale di sostanza, di notizie raccolte e  controllate con scrupolo, di approfondimenti, di opinioni e di  curiosit\u00e0\u00bb.<\/p>\n<p>\u00abFistOnline &#8211; prosegue l&#8217;editoriale &#8211; sar\u00e0 totalmente gratuito solo nella fase promozionale, ma poi diventer\u00e0 <a href=\"http:\/\/danielelepido.blog.ilsole24ore.com\/i-bastioni-di-orione\/2011\/04\/web-italiano-vale-32-miliardi.html\">un sito a pagamento<\/a>,  almeno per i servizi a pi\u00f9 alto valore aggiunto e per tutte le  applicazioni. Pubblicit\u00e0 (non invasiva) e abbonamenti sono le nostre  fonti di finanziamento e di libert\u00e0\u00bb.<\/p><\/blockquote>\n","protected":false},"excerpt":{"rendered":"<p>Via Il Sole 24 Ore \u00c8 in rete da questa mattina FirstOnline, testata indipendente che si propone di fare informazione di qualit\u00e0 e di servizio sull&#8217;economia e la finanza, edita da AL Iniziative Editoriali, fondata e controllata da Ernesto Auci e Franco Locatelli. \u00abLa principale scommessa di FirstOnline &#8211; si legge sull&#8217;editoriale di Franco Locatelli &#8230; <a title=\"FirstOnline: l&#8217;esperienza digitale in economia\" class=\"read-more\" href=\"https:\/\/www.pasteris.it\/blog\/2011\/05\/24\/firstonline-lesperienza-digitale-in-economia\/\" aria-label=\"Per saperne di pi\u00f9 su FirstOnline: l&#8217;esperienza digitale in economia\">Leggi tutto<\/a><\/p>\n","protected":false},"author":3,"featured_media":0,"comment_status":"open","ping_status":"open","sticky":false,"template":"","format":"standard","meta":{"footnotes":""},"categories":[424],"tags":[2162,1179],"class_list":["post-26063","post","type-post","status-publish","format-standard","hentry","category-personale","tag-economia","tag-giornalis"],"_links":{"self":[{"href":"https:\/\/www.pasteris.it\/blog\/wp-json\/wp\/v2\/posts\/26063","targetHints":{"allow":["GET"]}}],"collection":[{"href":"https:\/\/www.pasteris.it\/blog\/wp-json\/wp\/v2\/posts"}],"about":[{"href":"https:\/\/www.pasteris.it\/blog\/wp-json\/wp\/v2\/types\/post"}],"author":[{"embeddable":true,"href":"https:\/\/www.pasteris.it\/blog\/wp-json\/wp\/v2\/users\/3"}],"replies":[{"embeddable":true,"href":"https:\/\/www.pasteris.it\/blog\/wp-json\/wp\/v2\/comments?post=26063"}],"version-history":[{"count":2,"href":"https:\/\/www.pasteris.it\/blog\/wp-json\/wp\/v2\/posts\/26063\/revisions"}],"predecessor-version":[{"id":26065,"href":"https:\/\/www.pasteris.it\/blog\/wp-json\/wp\/v2\/posts\/26063\/revisions\/26065"}],"wp:attachment":[{"href":"https:\/\/www.pasteris.it\/blog\/wp-json\/wp\/v2\/media?parent=26063"}],"wp:term":[{"taxonomy":"category","embeddable":true,"href":"https:\/\/www.pasteris.it\/blog\/wp-json\/wp\/v2\/categories?post=26063"},{"taxonomy":"post_tag","embeddable":true,"href":"https:\/\/www.pasteris.it\/blog\/wp-json\/wp\/v2\/tags?post=26063"}],"curies":[{"name":"wp","href":"https:\/\/api.w.org\/{rel}","templated":true}]}}