{"id":26066,"date":"2011-05-24T16:10:50","date_gmt":"2011-05-24T14:10:50","guid":{"rendered":"http:\/\/www.pasteris.it\/blog\/?p=26066"},"modified":"2011-06-28T14:44:38","modified_gmt":"2011-06-28T12:44:38","slug":"il-vatican-insider-per-salvare-affossare-la-stampa","status":"publish","type":"post","link":"https:\/\/www.pasteris.it\/blog\/2011\/05\/24\/il-vatican-insider-per-salvare-affossare-la-stampa\/","title":{"rendered":"Il Vatican Insider per La Stampa"},"content":{"rendered":"<p><a href=\"http:\/\/www.primaonline.it\/2011\/05\/23\/92814\/editoria-calabresi-ho-progetti-a-la-stampa-per-5-anni\/\" target=\"_blank\">Via Prima Comunicazione<\/a><\/p>\n<blockquote><p>Alla \u2018Stampa\u2019 era necessario che tutti  condividessero quello che si stava facendo, perch\u00e9 in ballo c\u2019era la  possibilit\u00e0 di continuare a fare del buon giornalismo e di farlo in  piena libert\u00e0. E ci compravamo anche la garanzia di stare in questo  gruppo, perch\u00e9 sul mercato ci sono acquirenti interessati a un giornale  che pesa nell\u2019opinione pubblica come \u2018La Stampa\u2019\u201d. Ora che il 2010 si \u00e8  chiuso con 300mila euro di utili, alla \u2018Stampa\u2019 \u00e8 partito un piano  d\u2019investimenti. \u201cUn impegno economico notevole che l\u2019editore ha deciso  di fare, indispensabile per arrivare a una buona integrazione tra  prodotti editoriali diversi &#8211; sottolinea il direttore &#8211; Abbiamo scelto  la piattaforma multicanale M\u00e9thode, che utilizzeremo per l\u2019intero  processo produttivo redazionale. Crediamo cos\u00ec tanto all\u2019integrazione  che abbiamo deciso perfino di lasciare via Marenco e cambiare sede\u201d.  Sulla rampa di lancio della \u2018Stampa\u2019 adesso c\u2019\u00e9 il sito <a href=\"http:\/\/www.vaticaninsider.it\/\">Vatican Insider<\/a>.  \u201cUn nuovo canale in italiano, inglese e spagnolo, per un target  internazionale che va dalla Corea del Sud agli Stati Uniti &#8211; anticipa  Calabresi &#8211; Informazione con un taglio rigorosamente laico ma firmata da  grandi specialisti della Chiesa e del Vaticano. E un modello di  business nuovo: il sito sar\u00e0 a pagamento e garantir\u00e0 agli abbonati in  esclusiva tutte le notizie per 24 ore, dopo di che quell\u2019informazione  diventer\u00e0 gratuita per tutti\u201d.<\/p><\/blockquote>\n","protected":false},"excerpt":{"rendered":"<p>Via Prima Comunicazione Alla \u2018Stampa\u2019 era necessario che tutti condividessero quello che si stava facendo, perch\u00e9 in ballo c\u2019era la possibilit\u00e0 di continuare a fare del buon giornalismo e di farlo in piena libert\u00e0. E ci compravamo anche la garanzia di stare in questo gruppo, perch\u00e9 sul mercato ci sono acquirenti interessati a un giornale &#8230; <a title=\"Il Vatican Insider per La Stampa\" class=\"read-more\" href=\"https:\/\/www.pasteris.it\/blog\/2011\/05\/24\/il-vatican-insider-per-salvare-affossare-la-stampa\/\" aria-label=\"Per saperne di pi\u00f9 su Il Vatican Insider per La Stampa\">Leggi tutto<\/a><\/p>\n","protected":false},"author":3,"featured_media":0,"comment_status":"open","ping_status":"open","sticky":false,"template":"","format":"standard","meta":{"footnotes":""},"categories":[30,32,14],"tags":[853,193,1581],"class_list":["post-26066","post","type-post","status-publish","format-standard","hentry","category-media","category-pensieri","category-torino","tag-calabresi","tag-lastampa","tag-vaticano"],"_links":{"self":[{"href":"https:\/\/www.pasteris.it\/blog\/wp-json\/wp\/v2\/posts\/26066","targetHints":{"allow":["GET"]}}],"collection":[{"href":"https:\/\/www.pasteris.it\/blog\/wp-json\/wp\/v2\/posts"}],"about":[{"href":"https:\/\/www.pasteris.it\/blog\/wp-json\/wp\/v2\/types\/post"}],"author":[{"embeddable":true,"href":"https:\/\/www.pasteris.it\/blog\/wp-json\/wp\/v2\/users\/3"}],"replies":[{"embeddable":true,"href":"https:\/\/www.pasteris.it\/blog\/wp-json\/wp\/v2\/comments?post=26066"}],"version-history":[{"count":5,"href":"https:\/\/www.pasteris.it\/blog\/wp-json\/wp\/v2\/posts\/26066\/revisions"}],"predecessor-version":[{"id":26068,"href":"https:\/\/www.pasteris.it\/blog\/wp-json\/wp\/v2\/posts\/26066\/revisions\/26068"}],"wp:attachment":[{"href":"https:\/\/www.pasteris.it\/blog\/wp-json\/wp\/v2\/media?parent=26066"}],"wp:term":[{"taxonomy":"category","embeddable":true,"href":"https:\/\/www.pasteris.it\/blog\/wp-json\/wp\/v2\/categories?post=26066"},{"taxonomy":"post_tag","embeddable":true,"href":"https:\/\/www.pasteris.it\/blog\/wp-json\/wp\/v2\/tags?post=26066"}],"curies":[{"name":"wp","href":"https:\/\/api.w.org\/{rel}","templated":true}]}}