{"id":26103,"date":"2011-05-28T00:29:15","date_gmt":"2011-05-27T22:29:15","guid":{"rendered":"http:\/\/www.pasteris.it\/blog\/?p=26103"},"modified":"2011-05-28T00:29:15","modified_gmt":"2011-05-27T22:29:15","slug":"santoro-e-fazio-verso-la7","status":"publish","type":"post","link":"https:\/\/www.pasteris.it\/blog\/2011\/05\/28\/santoro-e-fazio-verso-la7\/","title":{"rendered":"Santoro (e Fazio) verso la7 ?"},"content":{"rendered":"<p><a href=\"http:\/\/www.nuovasocieta.it\/attualita\/27086-santoro-pronto-a-passare-a-la7-entro-fine-anno.html\" target=\"_blank\">Via Nuova Societ\u00e0<\/a><\/p>\n<blockquote><p>Dopo essere stato di nuovo messo sotto inchiesta da quattro commissari  dall&#8217;Agcom per la puntata di Annozero andata in onda il 26 maggio, con  l&#8217;ormai famoso intervento di Adriano Celentano che ha sposato la causa  di Pisapia nei ballottaggi, si parla con insistenza di trattative gi\u00e0 in  corso tra Michele Santoro e La 7. Per &#8216;Il Giornale&#8217; il conduttore di  del talk show del gioved\u00ec sara avrebbe gi\u00e0 incontrato il vicepresidente  esecutivo e amministratore delegato di telecom Italia Giovanni Stella.<br \/>\nInsieme  a Santoro, il cui passaggio dovrebbe avvenire a inizio 2012,  passerebbero a la 7 anche il giornalista Sandro Ruotolo, Marco Travaglio  ed il vignettista Vauro. Sempre secondo quanto sostiene &#8216;Il Giornale&#8217;  anche Fabio Fazio avrebbe avuto un incontro con i vertici de La 7 e per  il conduttore di &#8220;Che tempo che fa&#8221; il passaggio potrebbe essere molto<br \/>\nrepentino  se non trovasse un accordo con la Rai. Contratto che scade a fine  giugno. La presenza di Enrico Mentana a La 7 certo contribuir\u00e0 a tale  svolta.<\/p><\/blockquote>\n","protected":false},"excerpt":{"rendered":"<p>Via Nuova Societ\u00e0 Dopo essere stato di nuovo messo sotto inchiesta da quattro commissari dall&#8217;Agcom per la puntata di Annozero andata in onda il 26 maggio, con l&#8217;ormai famoso intervento di Adriano Celentano che ha sposato la causa di Pisapia nei ballottaggi, si parla con insistenza di trattative gi\u00e0 in corso tra Michele Santoro e &#8230; <a title=\"Santoro (e Fazio) verso la7 ?\" class=\"read-more\" href=\"https:\/\/www.pasteris.it\/blog\/2011\/05\/28\/santoro-e-fazio-verso-la7\/\" aria-label=\"Per saperne di pi\u00f9 su Santoro (e Fazio) verso la7 ?\">Leggi tutto<\/a><\/p>\n","protected":false},"author":3,"featured_media":0,"comment_status":"open","ping_status":"open","sticky":false,"template":"","format":"standard","meta":{"footnotes":""},"categories":[1,30],"tags":[1659,599],"class_list":["post-26103","post","type-post","status-publish","format-standard","hentry","category-politica","category-media","tag-fazio-la7","tag-santoro"],"_links":{"self":[{"href":"https:\/\/www.pasteris.it\/blog\/wp-json\/wp\/v2\/posts\/26103","targetHints":{"allow":["GET"]}}],"collection":[{"href":"https:\/\/www.pasteris.it\/blog\/wp-json\/wp\/v2\/posts"}],"about":[{"href":"https:\/\/www.pasteris.it\/blog\/wp-json\/wp\/v2\/types\/post"}],"author":[{"embeddable":true,"href":"https:\/\/www.pasteris.it\/blog\/wp-json\/wp\/v2\/users\/3"}],"replies":[{"embeddable":true,"href":"https:\/\/www.pasteris.it\/blog\/wp-json\/wp\/v2\/comments?post=26103"}],"version-history":[{"count":2,"href":"https:\/\/www.pasteris.it\/blog\/wp-json\/wp\/v2\/posts\/26103\/revisions"}],"predecessor-version":[{"id":26105,"href":"https:\/\/www.pasteris.it\/blog\/wp-json\/wp\/v2\/posts\/26103\/revisions\/26105"}],"wp:attachment":[{"href":"https:\/\/www.pasteris.it\/blog\/wp-json\/wp\/v2\/media?parent=26103"}],"wp:term":[{"taxonomy":"category","embeddable":true,"href":"https:\/\/www.pasteris.it\/blog\/wp-json\/wp\/v2\/categories?post=26103"},{"taxonomy":"post_tag","embeddable":true,"href":"https:\/\/www.pasteris.it\/blog\/wp-json\/wp\/v2\/tags?post=26103"}],"curies":[{"name":"wp","href":"https:\/\/api.w.org\/{rel}","templated":true}]}}