{"id":26110,"date":"2011-05-28T01:28:52","date_gmt":"2011-05-27T23:28:52","guid":{"rendered":"http:\/\/www.pasteris.it\/blog\/?p=26110"},"modified":"2011-05-28T01:28:52","modified_gmt":"2011-05-27T23:28:52","slug":"i-respingimenti-dei-giornalisti-dai-centri-per-migranti","status":"publish","type":"post","link":"https:\/\/www.pasteris.it\/blog\/2011\/05\/28\/i-respingimenti-dei-giornalisti-dai-centri-per-migranti\/","title":{"rendered":"I respingimenti dei giornalisti dai centri per migranti"},"content":{"rendered":"<p><a href=\"http:\/\/www.repubblica.it\/solidarieta\/immigrazione\/2011\/05\/25\/news\/bavaglio_alla_stampa_sull_emergenza_immigrazione-16738530\/\" target=\"_blank\">Via repubblica.it<\/a><\/p>\n<blockquote><p>La circolare 1305 del ministero dell&#8217;Interno che vieta l&#8217;accesso ai  giornalisti nei centri per migranti \u00e8 &#8220;un bavaglio inaccettabile&#8221; per  tutta la stampa italiana. Ne \u00e8 certo Roberto Natale, presidente del  sindacato di giornalisti italiani, la Fnsi. Dal 1\u00b0 aprile la  disposizione firmata dal ministro Roberto Maroni consente l&#8217;ingresso nei  Centri di accoglienza per richiedenti asilo (Cara) e nelle strutture di  detenzione (Cie, centri di identificazione e di espulsione)  &#8220;esclusivamente&#8221; a soggetti pubblici, come organismi internazionali  quali Oim, Cri, Amnesty International, Caritas, e ad individui singoli,  come parlamentari europei, deputati e senatori della Repubblica e  consiglieri regionali. &#8220;Chiediamo ufficialmente al ministero che questi  immotivati restringimenti vengano rimossi\u00a0 &#8211; ha detto Roberto Natale &#8211;  l&#8217;accesso \u00e8 stato ristretto per impedire all&#8217;informazione di fare il suo  mestiere. Le disposizioni sine die non sono da paese civile&#8221;.<\/p>\n<p>Gli episodi di respingimento dei cronisti. In forza di questa disposizione del Viminale, la prefettura di Roma ha negato l&#8217;ingresso nel Cie di Ponte Galeria, oggetto di denunce delle  associazioni umanitarie per abusi e violazioni dei diritti. Da Crotone \u00e8 arrivato il diniego per visitare il Cara di Sant&#8217;Anna di Isola Capo  Rizzuto (Kr), una struttura militarizzata in un&#8217;ex base dell&#8217;aeronautica  con una capienza di quasi 1500 posti. Prima dell&#8217;apertura del mega  campo di Mineo<!--more--><\/p>\n<p>(Ct), Sant&#8217;Anna, gestito dalle Misericordie di Isola Capo  Rizzuto, era il centro per migranti pi\u00f9 grande d&#8217;Europa. Da Mineo \u00e8  stato &#8216;respint\u00f2 il giornalista e blogger Gabriele Del Grande, fondatore  di Fortress Europe, noto osservatorio sulle vittime delle migrazioni nel  Mediterraneo. Il 13 maggio gli \u00e8 stato negato l&#8217;accesso nel centro di  accoglienza gestito dalla Croce Rossa al seguito di due parlamentari del  Pd, Marilena Samperi e Giovanni Burtone. Prima aveva ricevuto risposte  negative anche da Trapani e da Brindisi.  &#8220;Per cancellare il diritto di cronaca in questo paese \u00e8 bastata una  circolare ministeriale&#8221; dice Del Grande che dal suo sito lancia un  appello contro &#8220;il ritorno della censura in Italia&#8221;. Fortress Europe  chiede ai giornalisti e a ogni testata di fare domanda in prefettura per  visitare un Cie e poi raccontare com&#8217;\u00e8 andata.<\/p><\/blockquote>\n","protected":false},"excerpt":{"rendered":"<p>Via repubblica.it La circolare 1305 del ministero dell&#8217;Interno che vieta l&#8217;accesso ai giornalisti nei centri per migranti \u00e8 &#8220;un bavaglio inaccettabile&#8221; per tutta la stampa italiana. Ne \u00e8 certo Roberto Natale, presidente del sindacato di giornalisti italiani, la Fnsi. Dal 1\u00b0 aprile la disposizione firmata dal ministro Roberto Maroni consente l&#8217;ingresso nei Centri di accoglienza &#8230; <a title=\"I respingimenti dei giornalisti dai centri per migranti\" class=\"read-more\" href=\"https:\/\/www.pasteris.it\/blog\/2011\/05\/28\/i-respingimenti-dei-giornalisti-dai-centri-per-migranti\/\" aria-label=\"Per saperne di pi\u00f9 su I respingimenti dei giornalisti dai centri per migranti\">Leggi tutto<\/a><\/p>\n","protected":false},"author":3,"featured_media":0,"comment_status":"open","ping_status":"open","sticky":false,"template":"","format":"standard","meta":{"footnotes":""},"categories":[11,1,30],"tags":[161,548],"class_list":["post-26110","post","type-post","status-publish","format-standard","hentry","category-diritti","category-politica","category-media","tag-giornalisti","tag-liberta"],"_links":{"self":[{"href":"https:\/\/www.pasteris.it\/blog\/wp-json\/wp\/v2\/posts\/26110","targetHints":{"allow":["GET"]}}],"collection":[{"href":"https:\/\/www.pasteris.it\/blog\/wp-json\/wp\/v2\/posts"}],"about":[{"href":"https:\/\/www.pasteris.it\/blog\/wp-json\/wp\/v2\/types\/post"}],"author":[{"embeddable":true,"href":"https:\/\/www.pasteris.it\/blog\/wp-json\/wp\/v2\/users\/3"}],"replies":[{"embeddable":true,"href":"https:\/\/www.pasteris.it\/blog\/wp-json\/wp\/v2\/comments?post=26110"}],"version-history":[{"count":2,"href":"https:\/\/www.pasteris.it\/blog\/wp-json\/wp\/v2\/posts\/26110\/revisions"}],"predecessor-version":[{"id":26112,"href":"https:\/\/www.pasteris.it\/blog\/wp-json\/wp\/v2\/posts\/26110\/revisions\/26112"}],"wp:attachment":[{"href":"https:\/\/www.pasteris.it\/blog\/wp-json\/wp\/v2\/media?parent=26110"}],"wp:term":[{"taxonomy":"category","embeddable":true,"href":"https:\/\/www.pasteris.it\/blog\/wp-json\/wp\/v2\/categories?post=26110"},{"taxonomy":"post_tag","embeddable":true,"href":"https:\/\/www.pasteris.it\/blog\/wp-json\/wp\/v2\/tags?post=26110"}],"curies":[{"name":"wp","href":"https:\/\/api.w.org\/{rel}","templated":true}]}}