{"id":2612,"date":"2007-11-25T19:44:29","date_gmt":"2007-11-25T17:44:29","guid":{"rendered":"http:\/\/www.pasteris.it\/blog\/2007\/11\/25\/sicilia-20\/"},"modified":"2007-11-25T20:03:01","modified_gmt":"2007-11-25T18:03:01","slug":"sicilia-20","status":"publish","type":"post","link":"https:\/\/www.pasteris.it\/blog\/2007\/11\/25\/sicilia-20\/","title":{"rendered":"Sicilia 2.0"},"content":{"rendered":"<p> <a href=\"http:\/\/www.siciliaduepuntozero.it\"><img loading=\"lazy\" decoding=\"async\" src=\"http:\/\/www.pasteris.it\/blog\/wp-content\/uploads\/2007\/11\/sicilia20.jpg\" alt=\"sicilia20.jpg\" align=\"right\" height=\"132\" width=\"178\" \/>Sicilia 2.0.<\/a> \u00e8 il titolo del convegno organizzato dall\u2019Assemblea Regionale Siciliana, in collaborazione con l\u2019Universit\u00e0 degli Studi di Palermo, che si terr\u00e0 luned\u00ec 26 novembre, alle ore 15, presso l\u2019Aula Magna della Facolt\u00e0 di Ingegneria di Palermo. Bella gente tra i presenti e spruzzatine 2.0 in giro.<\/p>\n<p>Il convegno sar\u00e0 trasmesso in streaming con annesso liveblog su <a href=\"http:\/\/www.deeario.it\">www.deeario.it<\/a> by Tony Siino.<\/p>\n<p><video>http:\/\/www.youtube.com\/watch?v=e3XFx2C7DxM<\/video><\/p>\n","protected":false},"excerpt":{"rendered":"<p>Sicilia 2.0. \u00e8 il titolo del convegno organizzato dall\u2019Assemblea Regionale Siciliana, in collaborazione con l\u2019Universit\u00e0 degli Studi di Palermo, che si terr\u00e0 luned\u00ec 26 novembre, alle ore 15, presso l\u2019Aula Magna della Facolt\u00e0 di Ingegneria di Palermo. Bella gente tra i presenti e spruzzatine 2.0 in giro. Il convegno sar\u00e0 trasmesso in streaming con annesso &#8230; <a title=\"Sicilia 2.0\" class=\"read-more\" href=\"https:\/\/www.pasteris.it\/blog\/2007\/11\/25\/sicilia-20\/\" aria-label=\"Per saperne di pi\u00f9 su Sicilia 2.0\">Leggi tutto<\/a><\/p>\n","protected":false},"author":4,"featured_media":0,"comment_status":"open","ping_status":"open","sticky":false,"template":"","format":"standard","meta":{"footnotes":""},"categories":[],"tags":[2157,476,354,376],"class_list":["post-2612","post","type-post","status-publish","format-standard","hentry","tag-blog","tag-neri","tag-video","tag-youtube"],"_links":{"self":[{"href":"https:\/\/www.pasteris.it\/blog\/wp-json\/wp\/v2\/posts\/2612","targetHints":{"allow":["GET"]}}],"collection":[{"href":"https:\/\/www.pasteris.it\/blog\/wp-json\/wp\/v2\/posts"}],"about":[{"href":"https:\/\/www.pasteris.it\/blog\/wp-json\/wp\/v2\/types\/post"}],"author":[{"embeddable":true,"href":"https:\/\/www.pasteris.it\/blog\/wp-json\/wp\/v2\/users\/4"}],"replies":[{"embeddable":true,"href":"https:\/\/www.pasteris.it\/blog\/wp-json\/wp\/v2\/comments?post=2612"}],"version-history":[{"count":0,"href":"https:\/\/www.pasteris.it\/blog\/wp-json\/wp\/v2\/posts\/2612\/revisions"}],"wp:attachment":[{"href":"https:\/\/www.pasteris.it\/blog\/wp-json\/wp\/v2\/media?parent=2612"}],"wp:term":[{"taxonomy":"category","embeddable":true,"href":"https:\/\/www.pasteris.it\/blog\/wp-json\/wp\/v2\/categories?post=2612"},{"taxonomy":"post_tag","embeddable":true,"href":"https:\/\/www.pasteris.it\/blog\/wp-json\/wp\/v2\/tags?post=2612"}],"curies":[{"name":"wp","href":"https:\/\/api.w.org\/{rel}","templated":true}]}}