{"id":26232,"date":"2011-06-07T13:17:28","date_gmt":"2011-06-07T11:17:28","guid":{"rendered":"http:\/\/www.pasteris.it\/blog\/?p=26232"},"modified":"2011-06-07T22:00:19","modified_gmt":"2011-06-07T20:00:19","slug":"nova-sole-24-ore-luca-de-biase-sostituito","status":"publish","type":"post","link":"https:\/\/www.pasteris.it\/blog\/2011\/06\/07\/nova-sole-24-ore-luca-de-biase-sostituito\/","title":{"rendered":"Nova Sole 24 Ore: Luca de Biase sostituito ?"},"content":{"rendered":"<p><a href=\"http:\/\/www.ilpost.it\/2011\/06\/07\/de-biase-lascia-nova\/\">Via il Post<\/a><\/p>\n<blockquote><p>Nell\u2019ambito di una serie di rinnovamenti (ma che somigliano pi\u00f9 a restaurazioni, per ammissione dello stesso direttore) il Sole 24 Ore ha deciso di cambiare la direzione di \u201cN\u00f2va\u201c, l\u2019inserto del gioved\u00ec che per cinque anni \u00e8 stato uno dei maggiori organi editoriali dell\u2019innovazione e della ricerca in Italia, soprattutto grazie alla guida di Luca De Biase, suo fondatore e direttore (formalmente caporedattore), e uno dei pi\u00f9 competenti esperti delle nuove tecnologie nel giornalismo italiano. Il cambiamento sar\u00e0 annunciato in una riunione prevista per le 16 di oggi.<\/p>\n<p>Nel nuovo progetto N\u00f2va sar\u00e0 \u2013 a quanto si dice \u2013 pi\u00f9 dedicato ai prodotti e a una guida all\u2019uso e alla comprensione delle novit\u00e0 tecnologiche, e meno un luogo di discussione e visione sulle innovazioni e sui fenomeni (un generale ridimensionamento sulle nuove tecnologie riguarda anche il sito del Sole 24 Ore). Torner\u00e0 al suo primo formato \u201cbroadsheet\u201d e sar\u00e0 forse spostato alla domenica. Il nuovo responsabile potrebbe essere Fernanda Roggero, che \u00e8 alla guida del magazine \u201c24?, che si dice sia a sua volta in discussione nei nuovi piani editoriali.<\/p><\/blockquote>\n<p><a href=\"http:\/\/blog.debiase.com\/2011\/06\/su-nova.html\">Sul suo blog Luca De Biase scrive: <\/a><\/p>\n<p>Oggi alle 16:00 ci sar\u00e0 una riunione al Sole dalla quale emergeranno notizie sul prossimo futuro di N\u00f2va, il settimanale al quale ho dedicato il mio lavoro negli ultimi cinque anni e mezzo. A tra poco, dunque&#8230;<\/p>\n<p>UPDATE: Luca De Biase <a href=\"http:\/\/blog.debiase.com\/2011\/06\/sul-prossimo-futuro-di-nova.html\" target=\"_blank\">conferma il cambiamento<\/a><\/p>\n<blockquote><p>Gioved\u00ec, dopodomani, N\u00f2va uscir\u00e0 come al solito. Il numero successivo sar\u00e0 pubblicato domenica 19 giugno. Avr\u00e0 la dimensione grande del quotidiano e un numero di pagine tale da costringere tutti a una maggiore brevit\u00e0. N\u00f2va sar\u00e0 guidata da un nuovo responsabile &#8211; in bocca al lupo a Fernanda Roggero &#8211; e rinnover\u00e0 la suddivisione degli argomenti, in base alla visione del direttore Roberto Napoletano. In queste ultime settimane ho lavorato con i colleghi al numero zero, tentando di interpretare le indicazioni del direttore: continuare a offrire idee, ma allargare il tiro per aiutare le imprese a comprendere le novit\u00e0 tecnologiche e applicarle, aggiungendo pi\u00f9 informazione per i consumatori su ci\u00f2 che il mercato offre. Il risultato pratico si vedr\u00e0 strada facendo e toccher\u00e0 a Fernanda, con i colleghi, trovare il giusto mix. Del resto, la redazione sar\u00e0 quella di sempre: una redazione curiosa, saggia e impegnata, che ha imparato ad attraversare fiduciosa i passaggi pi\u00f9 incerti dell&#8217;esplorazione cui sono chiamati i giornalisti dell&#8217;innovazione e a godere con i lettori dei momenti pi\u00f9 luminosi della ricerca. E i grafici che hanno sempre saputo fare di N\u00f2va una lettura creativa, continueranno a contribuire alla leggibilit\u00e0 e all&#8217;intelligenza dell&#8217;inserto, con il loro sofisticato pensiero laterale. Ma la grande schiera degli autori che hanno fatto la storia di questo inserto e che continueranno ad arricchirlo di storie importanti, si trover\u00e0 a disposizione uno spazio pi\u00f9 limitato. Questo \u00e8 probabilmente il vero aspetto triste della situazione.<\/p><\/blockquote>\n","protected":false},"excerpt":{"rendered":"<p>Via il Post Nell\u2019ambito di una serie di rinnovamenti (ma che somigliano pi\u00f9 a restaurazioni, per ammissione dello stesso direttore) il Sole 24 Ore ha deciso di cambiare la direzione di \u201cN\u00f2va\u201c, l\u2019inserto del gioved\u00ec che per cinque anni \u00e8 stato uno dei maggiori organi editoriali dell\u2019innovazione e della ricerca in Italia, soprattutto grazie alla &#8230; <a title=\"Nova Sole 24 Ore: Luca de Biase sostituito ?\" class=\"read-more\" href=\"https:\/\/www.pasteris.it\/blog\/2011\/06\/07\/nova-sole-24-ore-luca-de-biase-sostituito\/\" aria-label=\"Per saperne di pi\u00f9 su Nova Sole 24 Ore: Luca de Biase sostituito ?\">Leggi tutto<\/a><\/p>\n","protected":false},"author":3,"featured_media":0,"comment_status":"open","ping_status":"open","sticky":false,"template":"","format":"standard","meta":{"footnotes":""},"categories":[1],"tags":[742,319],"class_list":["post-26232","post","type-post","status-publish","format-standard","hentry","category-politica","tag-nova","tag-sole-24-ore"],"_links":{"self":[{"href":"https:\/\/www.pasteris.it\/blog\/wp-json\/wp\/v2\/posts\/26232","targetHints":{"allow":["GET"]}}],"collection":[{"href":"https:\/\/www.pasteris.it\/blog\/wp-json\/wp\/v2\/posts"}],"about":[{"href":"https:\/\/www.pasteris.it\/blog\/wp-json\/wp\/v2\/types\/post"}],"author":[{"embeddable":true,"href":"https:\/\/www.pasteris.it\/blog\/wp-json\/wp\/v2\/users\/3"}],"replies":[{"embeddable":true,"href":"https:\/\/www.pasteris.it\/blog\/wp-json\/wp\/v2\/comments?post=26232"}],"version-history":[{"count":3,"href":"https:\/\/www.pasteris.it\/blog\/wp-json\/wp\/v2\/posts\/26232\/revisions"}],"predecessor-version":[{"id":26234,"href":"https:\/\/www.pasteris.it\/blog\/wp-json\/wp\/v2\/posts\/26232\/revisions\/26234"}],"wp:attachment":[{"href":"https:\/\/www.pasteris.it\/blog\/wp-json\/wp\/v2\/media?parent=26232"}],"wp:term":[{"taxonomy":"category","embeddable":true,"href":"https:\/\/www.pasteris.it\/blog\/wp-json\/wp\/v2\/categories?post=26232"},{"taxonomy":"post_tag","embeddable":true,"href":"https:\/\/www.pasteris.it\/blog\/wp-json\/wp\/v2\/tags?post=26232"}],"curies":[{"name":"wp","href":"https:\/\/api.w.org\/{rel}","templated":true}]}}