{"id":2628,"date":"2007-11-29T17:23:24","date_gmt":"2007-11-29T15:23:24","guid":{"rendered":"http:\/\/www.pasteris.it\/blog\/2007\/11\/29\/stiamo-lavorando-per-noi\/"},"modified":"2007-11-30T09:12:33","modified_gmt":"2007-11-30T07:12:33","slug":"stiamo-lavorando-per-noi","status":"publish","type":"post","link":"https:\/\/www.pasteris.it\/blog\/2007\/11\/29\/stiamo-lavorando-per-noi\/","title":{"rendered":"Stiamo lavorando per noi"},"content":{"rendered":"<p><img loading=\"lazy\" decoding=\"async\" src=\"http:\/\/tbn0.google.com\/images?q=tbn:me5PQ_m7Oc8X2M:http:\/\/www.cheeplinux.com\/images\/images_big\/lovelinux.jpg\" align=\"right\" height=\"111\" width=\"116\" \/>Come avete notato in questi giorni questo blog ha rallentato i suoi aggiornamenti.<\/p>\n<p>Si tratta del riflesso delle operazioni di messa a regime delle risorse informatiche del bloggante dopo il<a href=\"http:\/\/www.pasteris.it\/blog\/2007\/11\/26\/imprigionato-dal-leopardo\/\"> semidisastro dell&#8217;upgrade a Leopard<\/a> del Macbook.<\/p>\n<p>Premesso che dopo il casino vissuto \u00e8 cresciuta la stima per Microsoft e ha raggiunto livelli superiore l&#8217;amore per Linux &#8230; Torniamo ai fatti e raccontiamo che \u00e8 successo dopo il primo crash.<\/p>\n<p><!--more--> Siamo partiti con la seconda installazione modello &#8220;archivia e installa&#8221;  che ha richiesto una pulitura della partizione hfs+ partendo da Vista, dato che lo spazio libero era stato troppo ridotto. Tutto bene per la versione archivia, molto peggio per la sezione installa perch\u00e8 a met\u00e0 installazione si \u00e8 bloccato il tutto con un messaggio di errore.<\/p>\n<p>Grave la situazione al momento della valutazione dei danni: Bootcamp vivo ma perso per strada il boot con Vista. Boot con Macos impossibile e rischio di perdita dei dati presenti sulla partizione hfs,<\/p>\n<p>Ed ecco arrivare super Linux al solito flessibile come la plastilina. Un paio di tentativi per capire se era meglio tentare l&#8217;operazione chirurgica con Ubuntu o Knoppix. Alla fine si \u00e8 scelto Knoppix che ha permesso di salvare almeno l&#8217;area dati dell&#8217;utente vittorio (doppio backup su hard disk esterno e via ftp). Visti che c&#8217;eravano con Gparted abbiamo dato anche una riformattazione delle partizioni &#8220;sane&#8221;.<\/p>\n<p>Poi a quel punto una bella installazione di Leopard su una partizione vergine, a seguire si metteranno a posto i boot alternativi in Vista.<\/p>\n<p>Leopard ? Molto bello, con ancora qualche problemino, ma quanta fatica !!!<\/p>\n","protected":false},"excerpt":{"rendered":"<p>Come avete notato in questi giorni questo blog ha rallentato i suoi aggiornamenti. Si tratta del riflesso delle operazioni di messa a regime delle risorse informatiche del bloggante dopo il semidisastro dell&#8217;upgrade a Leopard del Macbook. Premesso che dopo il casino vissuto \u00e8 cresciuta la stima per Microsoft e ha raggiunto livelli superiore l&#8217;amore per &#8230; <a title=\"Stiamo lavorando per noi\" class=\"read-more\" href=\"https:\/\/www.pasteris.it\/blog\/2007\/11\/29\/stiamo-lavorando-per-noi\/\" aria-label=\"Per saperne di pi\u00f9 su Stiamo lavorando per noi\">Leggi tutto<\/a><\/p>\n","protected":false},"author":4,"featured_media":0,"comment_status":"open","ping_status":"open","sticky":false,"template":"","format":"standard","meta":{"footnotes":""},"categories":[],"tags":[415,2157,162,202,229,509,26],"class_list":["post-2628","post","type-post","status-publish","format-standard","hentry","tag-arte","tag-blog","tag-google","tag-linux","tag-microsoft","tag-spazio","tag-vittorio"],"_links":{"self":[{"href":"https:\/\/www.pasteris.it\/blog\/wp-json\/wp\/v2\/posts\/2628","targetHints":{"allow":["GET"]}}],"collection":[{"href":"https:\/\/www.pasteris.it\/blog\/wp-json\/wp\/v2\/posts"}],"about":[{"href":"https:\/\/www.pasteris.it\/blog\/wp-json\/wp\/v2\/types\/post"}],"author":[{"embeddable":true,"href":"https:\/\/www.pasteris.it\/blog\/wp-json\/wp\/v2\/users\/4"}],"replies":[{"embeddable":true,"href":"https:\/\/www.pasteris.it\/blog\/wp-json\/wp\/v2\/comments?post=2628"}],"version-history":[{"count":0,"href":"https:\/\/www.pasteris.it\/blog\/wp-json\/wp\/v2\/posts\/2628\/revisions"}],"wp:attachment":[{"href":"https:\/\/www.pasteris.it\/blog\/wp-json\/wp\/v2\/media?parent=2628"}],"wp:term":[{"taxonomy":"category","embeddable":true,"href":"https:\/\/www.pasteris.it\/blog\/wp-json\/wp\/v2\/categories?post=2628"},{"taxonomy":"post_tag","embeddable":true,"href":"https:\/\/www.pasteris.it\/blog\/wp-json\/wp\/v2\/tags?post=2628"}],"curies":[{"name":"wp","href":"https:\/\/api.w.org\/{rel}","templated":true}]}}