{"id":26302,"date":"2011-06-13T18:02:23","date_gmt":"2011-06-13T16:02:23","guid":{"rendered":"http:\/\/www.pasteris.it\/blog\/?p=26302"},"modified":"2011-06-13T18:02:23","modified_gmt":"2011-06-13T16:02:23","slug":"decodificare-i-concetti-silvio-berlusconi-dopo-i-4-referendum","status":"publish","type":"post","link":"https:\/\/www.pasteris.it\/blog\/2011\/06\/13\/decodificare-i-concetti-silvio-berlusconi-dopo-i-4-referendum\/","title":{"rendered":"Decodificare i concetti: Silvio Berlusconi dopo i 4 referendum"},"content":{"rendered":"<blockquote><p>L&#8217;alta affluenza nei referendum dimostra una volont\u00e0 di partecipazione  dei cittadini alle decisioni sul nostro futuro che non pu\u00f2 essere  ignorata. Anche a quanti ritengono che il referendum non sia lo  strumento pi\u00f9 idoneo per affrontare questioni complesse, appare chiaro  che la volont\u00e0 degli italiani \u00e8 netta su tutti i temi della  consultazione. Il Governo e il Parlamento hanno ora  il dovere di accogliere pienamente il responso dei quattro referendum.<\/p><\/blockquote>\n<p>Decodifica: Le ho prese decise per la seconda volta consecutiva, ma io il Governo non lo mollo manco morto<\/p>\n","protected":false},"excerpt":{"rendered":"<p>L&#8217;alta affluenza nei referendum dimostra una volont\u00e0 di partecipazione dei cittadini alle decisioni sul nostro futuro che non pu\u00f2 essere ignorata. Anche a quanti ritengono che il referendum non sia lo strumento pi\u00f9 idoneo per affrontare questioni complesse, appare chiaro che la volont\u00e0 degli italiani \u00e8 netta su tutti i temi della consultazione. Il Governo &#8230; <a title=\"Decodificare i concetti: Silvio Berlusconi dopo i 4 referendum\" class=\"read-more\" href=\"https:\/\/www.pasteris.it\/blog\/2011\/06\/13\/decodificare-i-concetti-silvio-berlusconi-dopo-i-4-referendum\/\" aria-label=\"Per saperne di pi\u00f9 su Decodificare i concetti: Silvio Berlusconi dopo i 4 referendum\">Leggi tutto<\/a><\/p>\n","protected":false},"author":3,"featured_media":0,"comment_status":"open","ping_status":"open","sticky":false,"template":"","format":"standard","meta":{"footnotes":""},"categories":[1],"tags":[69],"class_list":["post-26302","post","type-post","status-publish","format-standard","hentry","category-politica","tag-berlusconi"],"_links":{"self":[{"href":"https:\/\/www.pasteris.it\/blog\/wp-json\/wp\/v2\/posts\/26302","targetHints":{"allow":["GET"]}}],"collection":[{"href":"https:\/\/www.pasteris.it\/blog\/wp-json\/wp\/v2\/posts"}],"about":[{"href":"https:\/\/www.pasteris.it\/blog\/wp-json\/wp\/v2\/types\/post"}],"author":[{"embeddable":true,"href":"https:\/\/www.pasteris.it\/blog\/wp-json\/wp\/v2\/users\/3"}],"replies":[{"embeddable":true,"href":"https:\/\/www.pasteris.it\/blog\/wp-json\/wp\/v2\/comments?post=26302"}],"version-history":[{"count":2,"href":"https:\/\/www.pasteris.it\/blog\/wp-json\/wp\/v2\/posts\/26302\/revisions"}],"predecessor-version":[{"id":26304,"href":"https:\/\/www.pasteris.it\/blog\/wp-json\/wp\/v2\/posts\/26302\/revisions\/26304"}],"wp:attachment":[{"href":"https:\/\/www.pasteris.it\/blog\/wp-json\/wp\/v2\/media?parent=26302"}],"wp:term":[{"taxonomy":"category","embeddable":true,"href":"https:\/\/www.pasteris.it\/blog\/wp-json\/wp\/v2\/categories?post=26302"},{"taxonomy":"post_tag","embeddable":true,"href":"https:\/\/www.pasteris.it\/blog\/wp-json\/wp\/v2\/tags?post=26302"}],"curies":[{"name":"wp","href":"https:\/\/api.w.org\/{rel}","templated":true}]}}