{"id":26317,"date":"2011-06-15T12:55:51","date_gmt":"2011-06-15T10:55:51","guid":{"rendered":"http:\/\/www.pasteris.it\/blog\/?p=26317"},"modified":"2011-06-15T12:55:51","modified_gmt":"2011-06-15T10:55:51","slug":"la-rete-non-e-dio-ma-se-volete-emulare-quelle-mezze-seghe-intente-a-giocare-col-computer-portatevi-le-coperte","status":"publish","type":"post","link":"https:\/\/www.pasteris.it\/blog\/2011\/06\/15\/la-rete-non-e-dio-ma-se-volete-emulare-quelle-mezze-seghe-intente-a-giocare-col-computer-portatevi-le-coperte\/","title":{"rendered":"La rete non \u00e8 Dio, ma se volete emulare quelle mezze seghe intente a giocare col computer portatevi le coperte"},"content":{"rendered":"<p><a href=\"http:\/\/zambardino.blogautore.repubblica.it\/2011\/06\/15\/avete-scoperto-il-web-pero-portatevi-le-coperte\/\">Un piccolo capolavoro di ZV dedicato al futuro che verr\u00e0<\/a> e a chi tenter\u00e0 di cavalcare la rete senza conoscerla.<br \/>\nPS molto modestamente stamani <a href=\"http:\/\/www.lindro.it\/Di-che-colore-e-la-Rete\">era uscita cotesta dalla mente del VP: di che colore \u00e8 la rete<\/a><\/p>\n<blockquote><p>La rete non \u00e8 uno strumento e non \u00e8 un paese. E\u2019 una cultura: e voi, signori della politica e dei giornali che, asseragliati nei vostri osservatori, da anni passate il vostro tempo a mostrificare e discriminare, a cercare criminali e crimini, a legiferare contro per \u201cregolare\u201d (\u201cdiritti d\u2019autore\u201d, \u201cdiffamazione\u201d, \u201cviolazione privacy\u201d, sono alcuni nomi del vostro arrancare, ma ci sono giudici in Italia che condannano blogger per \u201cstampa clandestina\u201d, c\u2019\u00e8 sempre uno pi\u00f9 campione di te, tranquillo). Certo, voi non volete togliere la libert\u00e0 di espressione alle persone, questo non vorreste mai farlo, per\u00f2 poi magari poter mettere le mani nella posta e nei dati di navigazione delle persone e filtrare tutti i siti che si vedono, andiamo su, questo \u00e8 compito della politica e dello stato: non le pensate queste cose? Prima di risponder no, attenti al naso. E sapete perch\u00e9 pensate queste cose? Perch\u00e9 non siete la rete. Voi la rete \u201cla pensate\u201d, non la vivete. Per voi \u00e8 un oggetto esterno di conoscenza.<\/p>\n<p>Questa cultura che \u00e8 la rete, che esiste da 20 anni e i cui portatori voi avete a lungo sbeffeggiato e deriso come mezze seghe intente a giocare col computer, questa cultura \u00e8 poi un modo di essere, di vivere, di stare al mondo. Come sanno i vostri figli adolescenti.<\/p>\n<p>E\u2019 la prima volta che la libert\u00e0 di espressione (e di consumo e di lettura e di essere) \u00e8 a disposizione di ogni individuo. Ogni business e potere costituito ha da tremarne. Se proprio volete intraprendere il viaggio, portatevi le coperte.<\/p><\/blockquote>\n","protected":false},"excerpt":{"rendered":"<p>Un piccolo capolavoro di ZV dedicato al futuro che verr\u00e0 e a chi tenter\u00e0 di cavalcare la rete senza conoscerla. PS molto modestamente stamani era uscita cotesta dalla mente del VP: di che colore \u00e8 la rete La rete non \u00e8 uno strumento e non \u00e8 un paese. E\u2019 una cultura: e voi, signori della &#8230; <a title=\"La rete non \u00e8 Dio, ma se volete emulare quelle mezze seghe intente a giocare col computer portatevi le coperte\" class=\"read-more\" href=\"https:\/\/www.pasteris.it\/blog\/2011\/06\/15\/la-rete-non-e-dio-ma-se-volete-emulare-quelle-mezze-seghe-intente-a-giocare-col-computer-portatevi-le-coperte\/\" aria-label=\"Per saperne di pi\u00f9 su La rete non \u00e8 Dio, ma se volete emulare quelle mezze seghe intente a giocare col computer portatevi le coperte\">Leggi tutto<\/a><\/p>\n","protected":false},"author":3,"featured_media":0,"comment_status":"open","ping_status":"open","sticky":false,"template":"","format":"standard","meta":{"footnotes":""},"categories":[6,32],"tags":[2155,61,377],"class_list":["post-26317","post","type-post","status-publish","format-standard","hentry","category-internet","category-pensieri","tag-internet","tag-italia","tag-zambardino"],"_links":{"self":[{"href":"https:\/\/www.pasteris.it\/blog\/wp-json\/wp\/v2\/posts\/26317","targetHints":{"allow":["GET"]}}],"collection":[{"href":"https:\/\/www.pasteris.it\/blog\/wp-json\/wp\/v2\/posts"}],"about":[{"href":"https:\/\/www.pasteris.it\/blog\/wp-json\/wp\/v2\/types\/post"}],"author":[{"embeddable":true,"href":"https:\/\/www.pasteris.it\/blog\/wp-json\/wp\/v2\/users\/3"}],"replies":[{"embeddable":true,"href":"https:\/\/www.pasteris.it\/blog\/wp-json\/wp\/v2\/comments?post=26317"}],"version-history":[{"count":2,"href":"https:\/\/www.pasteris.it\/blog\/wp-json\/wp\/v2\/posts\/26317\/revisions"}],"predecessor-version":[{"id":26319,"href":"https:\/\/www.pasteris.it\/blog\/wp-json\/wp\/v2\/posts\/26317\/revisions\/26319"}],"wp:attachment":[{"href":"https:\/\/www.pasteris.it\/blog\/wp-json\/wp\/v2\/media?parent=26317"}],"wp:term":[{"taxonomy":"category","embeddable":true,"href":"https:\/\/www.pasteris.it\/blog\/wp-json\/wp\/v2\/categories?post=26317"},{"taxonomy":"post_tag","embeddable":true,"href":"https:\/\/www.pasteris.it\/blog\/wp-json\/wp\/v2\/tags?post=26317"}],"curies":[{"name":"wp","href":"https:\/\/api.w.org\/{rel}","templated":true}]}}