{"id":2633,"date":"2007-11-30T10:01:53","date_gmt":"2007-11-30T08:01:53","guid":{"rendered":"http:\/\/www.pasteris.it\/blog\/2007\/11\/30\/a-proposito-di-web2oltre\/"},"modified":"2008-12-06T08:37:24","modified_gmt":"2008-12-06T06:37:24","slug":"a-proposito-di-web2oltre","status":"publish","type":"post","link":"https:\/\/www.pasteris.it\/blog\/2007\/11\/30\/a-proposito-di-web2oltre\/","title":{"rendered":"A proposito di Web2oltre"},"content":{"rendered":"<p>Ieri pomeriggio gita sociale per intervento a Web2oltre. Pare che dopo la prima sfortunata edizione, la seconda abbia trovato organizzatori e gestori all&#8217;altezza del compito. Ecco la presentazione predisposta, che poi non \u00e8 stata utilizzata perch\u00e8 si \u00e8 parlato a braccio ..<\/p>\n<div style=\"width:425px;text-align:left\" id=\"__ss_186670\"><a style=\"font:14px Helvetica,Arial,Sans-serif;display:block;margin:12px 0 3px 0;text-decoration:underline;\" href=\"http:\/\/www.slideshare.net\/gueste47044\/web20oltre-vittorio-pasteris?type=powerpoint\" title=\"Web20oltre Vittorio Pasteris\">Web20oltre Vittorio Pasteris<\/a><object style=\"margin:0px\" width=\"425\" height=\"355\"><param name=\"movie\" value=\"http:\/\/static.slideshare.net\/swf\/ssplayer2.swf?doc=web20oltre-vittorio-pasteris-119640547323852-2&#038;stripped_title=web20oltre-vittorio-pasteris\" \/><param name=\"allowFullScreen\" value=\"true\"\/><param name=\"allowScriptAccess\" value=\"always\"\/><embed src=\"http:\/\/static.slideshare.net\/swf\/ssplayer2.swf?doc=web20oltre-vittorio-pasteris-119640547323852-2&#038;stripped_title=web20oltre-vittorio-pasteris\" type=\"application\/x-shockwave-flash\" allowscriptaccess=\"always\" allowfullscreen=\"true\" width=\"425\" height=\"355\"><\/embed><\/object><\/p>\n<div style=\"font-size:11px;font-family:tahoma,arial;height:26px;padding-top:2px;\">View SlideShare <a style=\"text-decoration:underline;\" href=\"http:\/\/www.slideshare.net\/gueste47044\/web20oltre-vittorio-pasteris?type=powerpoint\" title=\"View Web20oltre Vittorio Pasteris on SlideShare\">presentation<\/a> or <a style=\"text-decoration:underline;\" href=\"http:\/\/www.slideshare.net\/upload?type=powerpoint\">Upload<\/a> your own. (tags: <a style=\"text-decoration:underline;\" href=\"http:\/\/slideshare.net\/tag\/web20\">web20<\/a> <a style=\"text-decoration:underline;\" href=\"http:\/\/slideshare.net\/tag\/lastampait\">lastampait<\/a>)<\/div>\n<\/div>\n","protected":false},"excerpt":{"rendered":"<p>Ieri pomeriggio gita sociale per intervento a Web2oltre. Pare che dopo la prima sfortunata edizione, la seconda abbia trovato organizzatori e gestori all&#8217;altezza del compito. Ecco la presentazione predisposta, che poi non \u00e8 stata utilizzata perch\u00e8 si \u00e8 parlato a braccio .. Web20oltre Vittorio Pasteris View SlideShare presentation or Upload your own. (tags: web20 lastampait)<\/p>\n","protected":false},"author":4,"featured_media":0,"comment_status":"open","ping_status":"open","sticky":false,"template":"","format":"standard","meta":{"footnotes":""},"categories":[],"tags":[193,36,26,363],"class_list":["post-2633","post","type-post","status-publish","format-standard","hentry","tag-lastampa","tag-tag","tag-vittorio","tag-web"],"_links":{"self":[{"href":"https:\/\/www.pasteris.it\/blog\/wp-json\/wp\/v2\/posts\/2633","targetHints":{"allow":["GET"]}}],"collection":[{"href":"https:\/\/www.pasteris.it\/blog\/wp-json\/wp\/v2\/posts"}],"about":[{"href":"https:\/\/www.pasteris.it\/blog\/wp-json\/wp\/v2\/types\/post"}],"author":[{"embeddable":true,"href":"https:\/\/www.pasteris.it\/blog\/wp-json\/wp\/v2\/users\/4"}],"replies":[{"embeddable":true,"href":"https:\/\/www.pasteris.it\/blog\/wp-json\/wp\/v2\/comments?post=2633"}],"version-history":[{"count":1,"href":"https:\/\/www.pasteris.it\/blog\/wp-json\/wp\/v2\/posts\/2633\/revisions"}],"predecessor-version":[{"id":6702,"href":"https:\/\/www.pasteris.it\/blog\/wp-json\/wp\/v2\/posts\/2633\/revisions\/6702"}],"wp:attachment":[{"href":"https:\/\/www.pasteris.it\/blog\/wp-json\/wp\/v2\/media?parent=2633"}],"wp:term":[{"taxonomy":"category","embeddable":true,"href":"https:\/\/www.pasteris.it\/blog\/wp-json\/wp\/v2\/categories?post=2633"},{"taxonomy":"post_tag","embeddable":true,"href":"https:\/\/www.pasteris.it\/blog\/wp-json\/wp\/v2\/tags?post=2633"}],"curies":[{"name":"wp","href":"https:\/\/api.w.org\/{rel}","templated":true}]}}