{"id":26342,"date":"2011-06-17T00:07:24","date_gmt":"2011-06-16T22:07:24","guid":{"rendered":"http:\/\/www.pasteris.it\/blog\/?p=26342"},"modified":"2011-06-17T08:57:35","modified_gmt":"2011-06-17T06:57:35","slug":"raphael-rossi-nominato-a-dirigere-l%e2%80%99asia-di-napoli","status":"publish","type":"post","link":"https:\/\/www.pasteris.it\/blog\/2011\/06\/17\/raphael-rossi-nominato-a-dirigere-l%e2%80%99asia-di-napoli\/","title":{"rendered":"Raphael Rossi nominato a dirigere l\u2019Asia di Napoli"},"content":{"rendered":"<p>Felici per la nomina di Raphael che dimostra che l&#8217;onest\u00e0 paga, dobbiamo notare come Raphael stia trovando gloria lontano dalla Torino in cui ha dimostrato esserci casi di corruzione.<\/p>\n<p><a href=\"http:\/\/www.quotidianopiemontese.it\/2011\/06\/16\/raphael-rossi-presidente-dellasia-di-napoli\/\">Via QP<\/a><\/p>\n<blockquote><p><a rel=\"attachment wp-att-21435\" href=\"http:\/\/www.pasteris.it\/blog\/?attachment_id=21435\"><img loading=\"lazy\" decoding=\"async\" class=\"alignright\" title=\"raphael-rossi\" src=\"http:\/\/www.quotidianopiemontese.it\/wp-content\/uploads\/2011\/06\/raphael-rossi.jpg\" alt=\"\" width=\"120\" height=\"87\" \/><\/a>Raphael  Rossi \u00e8 stato nominato presidente\u00a0dell\u2019As\u00eca, l\u2019azienda partecipata del  Comune di Napoli che si occupa della raccolta e dello smaltimento dei  rifiuti. La notizia era gi\u00e0 stata annunciata dal neo sindaco di Napoli  Luigi De Magistris ed \u00e8 stata confermata<a href=\"http:\/\/www.asianapoli.it\/guest\/newsSingola.asp?idDoc=%281219%29\" target=\"_blank\"> in un comunicato stampa<\/a> della stessa societ\u00e0. Raphael lavora da anni come esperto di raccolta  differenziata di rifiuti. E\u2019 stato membro del CdA di Amiat \u00a0Torino di  cui \u00e8 stato anche vice presidente. Il suo nome \u00e8 diventato noto in tutta  Italia per i fatti accaduti in Amiat in cui denunci\u00f2 un tentativo di  corruzione per assecondare l\u2019acquisto di un macchinario inutile da 4   milioni.<\/p><\/blockquote>\n","protected":false},"excerpt":{"rendered":"<p>Felici per la nomina di Raphael che dimostra che l&#8217;onest\u00e0 paga, dobbiamo notare come Raphael stia trovando gloria lontano dalla Torino in cui ha dimostrato esserci casi di corruzione. Via QP Raphael Rossi \u00e8 stato nominato presidente\u00a0dell\u2019As\u00eca, l\u2019azienda partecipata del Comune di Napoli che si occupa della raccolta e dello smaltimento dei rifiuti. La notizia &#8230; <a title=\"Raphael Rossi nominato a dirigere l\u2019Asia di Napoli\" class=\"read-more\" href=\"https:\/\/www.pasteris.it\/blog\/2011\/06\/17\/raphael-rossi-nominato-a-dirigere-l%e2%80%99asia-di-napoli\/\" aria-label=\"Per saperne di pi\u00f9 su Raphael Rossi nominato a dirigere l\u2019Asia di Napoli\">Leggi tutto<\/a><\/p>\n","protected":false},"author":4,"featured_media":0,"comment_status":"open","ping_status":"open","sticky":false,"template":"","format":"standard","meta":{"footnotes":""},"categories":[49,11,32],"tags":[1526,239,1660],"class_list":["post-26342","post","type-post","status-publish","format-standard","hentry","category-ambiente","category-diritti","category-pensieri","tag-amiat","tag-napoli","tag-raphael-rossi"],"_links":{"self":[{"href":"https:\/\/www.pasteris.it\/blog\/wp-json\/wp\/v2\/posts\/26342","targetHints":{"allow":["GET"]}}],"collection":[{"href":"https:\/\/www.pasteris.it\/blog\/wp-json\/wp\/v2\/posts"}],"about":[{"href":"https:\/\/www.pasteris.it\/blog\/wp-json\/wp\/v2\/types\/post"}],"author":[{"embeddable":true,"href":"https:\/\/www.pasteris.it\/blog\/wp-json\/wp\/v2\/users\/4"}],"replies":[{"embeddable":true,"href":"https:\/\/www.pasteris.it\/blog\/wp-json\/wp\/v2\/comments?post=26342"}],"version-history":[{"count":11,"href":"https:\/\/www.pasteris.it\/blog\/wp-json\/wp\/v2\/posts\/26342\/revisions"}],"predecessor-version":[{"id":26347,"href":"https:\/\/www.pasteris.it\/blog\/wp-json\/wp\/v2\/posts\/26342\/revisions\/26347"}],"wp:attachment":[{"href":"https:\/\/www.pasteris.it\/blog\/wp-json\/wp\/v2\/media?parent=26342"}],"wp:term":[{"taxonomy":"category","embeddable":true,"href":"https:\/\/www.pasteris.it\/blog\/wp-json\/wp\/v2\/categories?post=26342"},{"taxonomy":"post_tag","embeddable":true,"href":"https:\/\/www.pasteris.it\/blog\/wp-json\/wp\/v2\/tags?post=26342"}],"curies":[{"name":"wp","href":"https:\/\/api.w.org\/{rel}","templated":true}]}}