{"id":26367,"date":"2011-06-19T22:45:32","date_gmt":"2011-06-19T20:45:32","guid":{"rendered":"http:\/\/www.pasteris.it\/blog\/?p=26367"},"modified":"2011-06-19T22:45:32","modified_gmt":"2011-06-19T20:45:32","slug":"annunci-di-morti-immanenti-cartacee","status":"publish","type":"post","link":"https:\/\/www.pasteris.it\/blog\/2011\/06\/19\/annunci-di-morti-immanenti-cartacee\/","title":{"rendered":"Annunci di morti immanenti cartacee"},"content":{"rendered":"<p><a href=\"http:\/\/www.lastampa.it\/_web\/cmstp\/tmplrubriche\/giornalisti\/grubrica.asp?ID_blog=126&amp;ID_articolo=332&amp;ID_sezione=277&amp;sezione=\">Via Mimmo Candito<\/a><\/p>\n<blockquote><p>Questa \u00e8 davvero una domanda rivolta a ciascuno di voi: a\u00a0coloro che  scrivono i loro interventi in questo blog e per\u00f2 anche a coloro che  cliccano su un post, leggono quanto c&#8217;\u00e8 scritto, ma poi tacciono.<br \/>\nVoi, li leggete i giornali? Quelli a stampa e quelli su internet? E  quanti? E quanto tempo dedicate alla loro lettura? E fate un confronto  con le informazioni dei tg?<br \/>\nUno studio di settore annuncia con qualche drammaticit\u00e0 che l&#8217;ultima  copia a stampa verr\u00e0 pubblicata negli Usa nel 2017 (qualche anno fa uno  studioso aveva scritto un libro, per dire che l&#8217;ultima copia del &#8220;New  York Times&#8221; sarebbe stata stampata nel 2043), e in Italia l&#8217;ultima copia  uscir\u00e0 nel 2027.<br \/>\nProspettive amare, ins0mma. Intanto lo stesso studio segnala che in  Italia gli editori hanno perso &#8211; dal 2007 al 2010 &#8211; quasi un milione di  copie, portando la tiratura dei quotidiani a poco pi\u00f9 di 4,5 milioni di  copie. In effetti, se vi guardata in giro \u00e8 sempre pi\u00f9 raro incontrare  qualcuno che se ne stia a leggere un giornale stampato; peggio ancora  tra i giovani. E il &#8220;Guardian&#8221;, uno dei pi\u00f9 autorevoli quotidiani  inglesi, in forte caduta di copie e di ricavi, sta preparando il proprio  passaggio all&#8217;on-line, riservando al giornale elettr0nico la  pubblicazione delle notizie e abbandonando al quotidiano a stampa gli  approfondimenti.<\/p><\/blockquote>\n","protected":false},"excerpt":{"rendered":"<p>Via Mimmo Candito Questa \u00e8 davvero una domanda rivolta a ciascuno di voi: a\u00a0coloro che scrivono i loro interventi in questo blog e per\u00f2 anche a coloro che cliccano su un post, leggono quanto c&#8217;\u00e8 scritto, ma poi tacciono. Voi, li leggete i giornali? Quelli a stampa e quelli su internet? E quanti? E quanto &#8230; <a title=\"Annunci di morti immanenti cartacee\" class=\"read-more\" href=\"https:\/\/www.pasteris.it\/blog\/2011\/06\/19\/annunci-di-morti-immanenti-cartacee\/\" aria-label=\"Per saperne di pi\u00f9 su Annunci di morti immanenti cartacee\">Leggi tutto<\/a><\/p>\n","protected":false},"author":3,"featured_media":0,"comment_status":"open","ping_status":"open","sticky":false,"template":"","format":"standard","meta":{"footnotes":""},"categories":[17,6,30],"tags":[159,2155],"class_list":["post-26367","post","type-post","status-publish","format-standard","hentry","category-economia","category-internet","category-media","tag-giornali","tag-internet"],"_links":{"self":[{"href":"https:\/\/www.pasteris.it\/blog\/wp-json\/wp\/v2\/posts\/26367","targetHints":{"allow":["GET"]}}],"collection":[{"href":"https:\/\/www.pasteris.it\/blog\/wp-json\/wp\/v2\/posts"}],"about":[{"href":"https:\/\/www.pasteris.it\/blog\/wp-json\/wp\/v2\/types\/post"}],"author":[{"embeddable":true,"href":"https:\/\/www.pasteris.it\/blog\/wp-json\/wp\/v2\/users\/3"}],"replies":[{"embeddable":true,"href":"https:\/\/www.pasteris.it\/blog\/wp-json\/wp\/v2\/comments?post=26367"}],"version-history":[{"count":3,"href":"https:\/\/www.pasteris.it\/blog\/wp-json\/wp\/v2\/posts\/26367\/revisions"}],"predecessor-version":[{"id":26370,"href":"https:\/\/www.pasteris.it\/blog\/wp-json\/wp\/v2\/posts\/26367\/revisions\/26370"}],"wp:attachment":[{"href":"https:\/\/www.pasteris.it\/blog\/wp-json\/wp\/v2\/media?parent=26367"}],"wp:term":[{"taxonomy":"category","embeddable":true,"href":"https:\/\/www.pasteris.it\/blog\/wp-json\/wp\/v2\/categories?post=26367"},{"taxonomy":"post_tag","embeddable":true,"href":"https:\/\/www.pasteris.it\/blog\/wp-json\/wp\/v2\/tags?post=26367"}],"curies":[{"name":"wp","href":"https:\/\/api.w.org\/{rel}","templated":true}]}}