{"id":26371,"date":"2011-06-20T09:09:55","date_gmt":"2011-06-20T07:09:55","guid":{"rendered":"http:\/\/www.pasteris.it\/blog\/?p=26371"},"modified":"2011-06-20T09:43:38","modified_gmt":"2011-06-20T07:43:38","slug":"il-social-network-e-sempre-piu-donna-56-a-46","status":"publish","type":"post","link":"https:\/\/www.pasteris.it\/blog\/2011\/06\/20\/il-social-network-e-sempre-piu-donna-56-a-46\/","title":{"rendered":"Il social network \u00e8 sempre pi\u00f9 donna: 56% a 44%"},"content":{"rendered":"<p><a href=\"http:\/\/www.vincos.it\/2011\/06\/17\/limpatto-dei-social-network-sulle-nostre-vite-fiducia-supporto-sociale-e-partecipazione-nellera-di-facebook\/\" target=\"_blank\">Via Vincenzo Cosenza<\/a><\/p>\n<blockquote><p>L\u2019autorevole <a href=\"http:\/\/www.vincos.it\/tag\/pew\/\">Pew Research Center<\/a> ha rilasciato \u201c<a href=\"http:\/\/pewinternet.org\/Reports\/2011\/Technology-and-social-networks\/Summary.aspx\">Social networking sites and our lives<\/a>\u201d  un corposo studio sull\u2019impatto dei social network nella vita degli  statunitensi. Utile per avere una finestra sul futuro di paesi come  l\u2019Italia, solitamente a traino dei trend socio-tecnologici americani, e  per sfatare alcuni miti che stanno pericolosamente attecchendo nella  nostra cultura.<\/p>\n<p>La prima parte di scenario mostra un confronto tra le analisi del  2008 e del 2010 . In questo arco temporale gli adulti che dichiarano di  usare i social network sono passati dal 26% al 47% della popolazione. Sono cresciute soprattutto le fasce di et\u00e0 superiori ai 35 anni, portando l\u2019et\u00e0 media degli utilizzatori dai 33 ai 38 anni. Nel tempo il divario tra uomini (56%) e donne (44%) si \u00e8 ampliato.<\/p><\/blockquote>\n","protected":false},"excerpt":{"rendered":"<p>Via Vincenzo Cosenza L\u2019autorevole Pew Research Center ha rilasciato \u201cSocial networking sites and our lives\u201d un corposo studio sull\u2019impatto dei social network nella vita degli statunitensi. Utile per avere una finestra sul futuro di paesi come l\u2019Italia, solitamente a traino dei trend socio-tecnologici americani, e per sfatare alcuni miti che stanno pericolosamente attecchendo nella nostra &#8230; <a title=\"Il social network \u00e8 sempre pi\u00f9 donna: 56% a 44%\" class=\"read-more\" href=\"https:\/\/www.pasteris.it\/blog\/2011\/06\/20\/il-social-network-e-sempre-piu-donna-56-a-46\/\" aria-label=\"Per saperne di pi\u00f9 su Il social network \u00e8 sempre pi\u00f9 donna: 56% a 44%\">Leggi tutto<\/a><\/p>\n","protected":false},"author":3,"featured_media":0,"comment_status":"open","ping_status":"open","sticky":false,"template":"","format":"standard","meta":{"footnotes":""},"categories":[6],"tags":[488,317],"class_list":["post-26371","post","type-post","status-publish","format-standard","hentry","category-internet","tag-donne","tag-social-network"],"_links":{"self":[{"href":"https:\/\/www.pasteris.it\/blog\/wp-json\/wp\/v2\/posts\/26371","targetHints":{"allow":["GET"]}}],"collection":[{"href":"https:\/\/www.pasteris.it\/blog\/wp-json\/wp\/v2\/posts"}],"about":[{"href":"https:\/\/www.pasteris.it\/blog\/wp-json\/wp\/v2\/types\/post"}],"author":[{"embeddable":true,"href":"https:\/\/www.pasteris.it\/blog\/wp-json\/wp\/v2\/users\/3"}],"replies":[{"embeddable":true,"href":"https:\/\/www.pasteris.it\/blog\/wp-json\/wp\/v2\/comments?post=26371"}],"version-history":[{"count":5,"href":"https:\/\/www.pasteris.it\/blog\/wp-json\/wp\/v2\/posts\/26371\/revisions"}],"predecessor-version":[{"id":26373,"href":"https:\/\/www.pasteris.it\/blog\/wp-json\/wp\/v2\/posts\/26371\/revisions\/26373"}],"wp:attachment":[{"href":"https:\/\/www.pasteris.it\/blog\/wp-json\/wp\/v2\/media?parent=26371"}],"wp:term":[{"taxonomy":"category","embeddable":true,"href":"https:\/\/www.pasteris.it\/blog\/wp-json\/wp\/v2\/categories?post=26371"},{"taxonomy":"post_tag","embeddable":true,"href":"https:\/\/www.pasteris.it\/blog\/wp-json\/wp\/v2\/tags?post=26371"}],"curies":[{"name":"wp","href":"https:\/\/api.w.org\/{rel}","templated":true}]}}