{"id":26476,"date":"2011-07-04T13:08:57","date_gmt":"2011-07-04T11:08:57","guid":{"rendered":"http:\/\/www.pasteris.it\/blog\/?p=26476"},"modified":"2011-07-04T09:31:02","modified_gmt":"2011-07-04T07:31:02","slug":"il-diario-di-un-gionralista-precario","status":"publish","type":"post","link":"https:\/\/www.pasteris.it\/blog\/2011\/07\/04\/il-diario-di-un-gionralista-precario\/","title":{"rendered":"Il diario di un giornalista precario"},"content":{"rendered":"<p><input name=\"url\" type=\"hidden\" value=\"http:\/\/www.levanteonline.net\/cultura\/libri\/4605-scripta-diario-clandestino-di-un-giornalista-precario.html\" \/> <a rel=\"jagroupgroup\" href=\"http:\/\/www.levanteonline.net\/images\/stories\/scripta.jpg\"> <img loading=\"lazy\" decoding=\"async\" class=\"alignright\" src=\"http:\/\/www.levanteonline.net\/images\/resized\/images\/stories\/scripta_200_200.jpg\" alt=\"scripta\" width=\"200\" height=\"312\" \/><\/a><br \/>\n<a href=\"http:\/\/www.levanteonline.net\/cultura\/libri\/4605-scripta-diario-clandestino-di-un-giornalista-precario.html\" target=\"_blank\">Via Il Levante<\/a><\/p>\n<blockquote><p>\u201cGiornalista precario\u201d, \u00e8 cos\u00ec che vuole essere chiamato Giuseppe Manzo per sfatare il mito che vede il giornalismo professionistico come un  miraggio irraggiungibile, come uno status che, una volta ottenuto,  permetta di accedere al benessere economico e ai vantaggi di una \u201ccasta  protettrice\u201d.<\/p><\/blockquote>\n<blockquote><p>&#8230;<\/p><\/blockquote>\n<div>\n<blockquote><p>La sua prima opera: \u00a0Scripta (pubblicata dalla casa editrice CentoAutori),  \u00e8 pi\u00f9 un diario che un libro (per sua stessa ammissione e come si legge  nel sottotitolo \u201cDiario clandestino di un giornalista precario\u201d). Il  testo \u00e8 composto da dodici capitoli, ognuno dei quali rappresenta  un\u2019esperienza dell\u2019autore: un\u2019autobomba misteriosa nel centro di Napoli,  un quartiere che assale una baraccopoli, le proteste per  l\u2019inaugurazione di una discarica; un breve compendio di quello che \u00e8  avvenuto nella nostra citt\u00e0 nel 2008. Tutto per giungere ad un solo  obiettivo: far comprendere la difficolt\u00e0 della maggioranza dei precari  di \u201carrivare alla fine del mese\u201d.<\/p><\/blockquote>\n<\/div>\n","protected":false},"excerpt":{"rendered":"<p>Via Il Levante \u201cGiornalista precario\u201d, \u00e8 cos\u00ec che vuole essere chiamato Giuseppe Manzo per sfatare il mito che vede il giornalismo professionistico come un miraggio irraggiungibile, come uno status che, una volta ottenuto, permetta di accedere al benessere economico e ai vantaggi di una \u201ccasta protettrice\u201d. &#8230; La sua prima opera: \u00a0Scripta (pubblicata dalla casa &#8230; <a title=\"Il diario di un giornalista precario\" class=\"read-more\" href=\"https:\/\/www.pasteris.it\/blog\/2011\/07\/04\/il-diario-di-un-gionralista-precario\/\" aria-label=\"Per saperne di pi\u00f9 su Il diario di un giornalista precario\">Leggi tutto<\/a><\/p>\n","protected":false},"author":3,"featured_media":0,"comment_status":"open","ping_status":"open","sticky":false,"template":"","format":"standard","meta":{"footnotes":""},"categories":[11,1,30],"tags":[161,500],"class_list":["post-26476","post","type-post","status-publish","format-standard","hentry","category-diritti","category-politica","category-media","tag-giornalisti","tag-precari"],"_links":{"self":[{"href":"https:\/\/www.pasteris.it\/blog\/wp-json\/wp\/v2\/posts\/26476","targetHints":{"allow":["GET"]}}],"collection":[{"href":"https:\/\/www.pasteris.it\/blog\/wp-json\/wp\/v2\/posts"}],"about":[{"href":"https:\/\/www.pasteris.it\/blog\/wp-json\/wp\/v2\/types\/post"}],"author":[{"embeddable":true,"href":"https:\/\/www.pasteris.it\/blog\/wp-json\/wp\/v2\/users\/3"}],"replies":[{"embeddable":true,"href":"https:\/\/www.pasteris.it\/blog\/wp-json\/wp\/v2\/comments?post=26476"}],"version-history":[{"count":3,"href":"https:\/\/www.pasteris.it\/blog\/wp-json\/wp\/v2\/posts\/26476\/revisions"}],"predecessor-version":[{"id":26478,"href":"https:\/\/www.pasteris.it\/blog\/wp-json\/wp\/v2\/posts\/26476\/revisions\/26478"}],"wp:attachment":[{"href":"https:\/\/www.pasteris.it\/blog\/wp-json\/wp\/v2\/media?parent=26476"}],"wp:term":[{"taxonomy":"category","embeddable":true,"href":"https:\/\/www.pasteris.it\/blog\/wp-json\/wp\/v2\/categories?post=26476"},{"taxonomy":"post_tag","embeddable":true,"href":"https:\/\/www.pasteris.it\/blog\/wp-json\/wp\/v2\/tags?post=26476"}],"curies":[{"name":"wp","href":"https:\/\/api.w.org\/{rel}","templated":true}]}}